{"id":25289,"date":"2023-10-05T09:26:00","date_gmt":"2023-10-05T07:26:00","guid":{"rendered":"https:\/\/christusnews.de\/site\/neues-gremium-weser-ems-stellt-wasser-wissen-zur-verfuegung\/"},"modified":"2023-10-06T11:17:28","modified_gmt":"2023-10-06T09:17:28","slug":"neues-gremium-weser-ems-stellt-wasser-wissen-zur-verfuegung","status":"publish","type":"post","link":"https:\/\/christusnews.de\/site\/neues-gremium-weser-ems-stellt-wasser-wissen-zur-verfuegung\/","title":{"rendered":"Neues Gremium: Weser-Ems stellt Wasser-Wissen zur Verf\u00fcgung"},"content":{"rendered":"<p class=\"MsoPlainText\">Osnabr\u00fcck\/Brake (epd). Die Region Weser-Ems m\u00f6chte sich als Kompetenzzentrum f\u00fcr Zukunftsfragen rund um das Wasser positionieren.&nbsp;Daf\u00fcr haben Akteure aus Wirtschaft, Verb\u00e4nden, Wissenschaft und Verwaltung am Donnerstag in Osnabr\u00fcck den Strategierat Wasser Weser-Ems gegr\u00fcndet. Das neue Gremium werde innovative Projekte und Strategien f\u00fcr eine nachhaltige Wasserwirtschaft entwickeln, teilte der Oldenburgisch-Ostfriesische Wasserband mit. Ferner gelte es, die Probleme und notwendigen Aufgaben st\u00e4rker ins \u00f6ffentliche Bewusstsein r\u00fccken.<\/p>\n<p class=\"MsoPlainText\">&nbsp;<\/p>\n<p class=\"MsoPlainText\">Die derzeitige Situation nicht nur in der Region Weser-Ems sei gekennzeichnet durch wachsenden Wasserbedarf in der Wirtschaft und der Bev\u00f6lkerung, erl\u00e4uterte Stephan Siefken, Landrat des Landkreises Wesermarsch und Vorsitzender des neuen Netzwerks. Zu erwartende Hitzeperioden verst\u00e4rkten das Problem. Zudem stiegen die Anforderungen an den Schutz des Wassers, aber auch an den Schutz vor dem Wasser, etwa bei Starkregen und \u00dcberschwemmungen.<\/p>\n<p class=\"MsoPlainText\">&nbsp;<\/p>\n<p class=\"MsoPlainText\">\u00abMit dieser besonderen regionalen Kompetenz im Themenfeld Wasser wollen wir Weser-Ems auch \u00fcberregional als Innovationsstandort positionieren und gemeinsam f\u00fcr die sichere Wasserversorgung der Zukunft eintreten\u00bb, betonte Siefken. So nutzten bereits einige Industrien alternative Wasserressourcen, wie aufbereitetes Brauchwasser oder Prozesswasser anstelle von Trinkwasser. Erste Initiativen arbeiteten f\u00fcr mehr Kooperation beim Hochwassermanagement und f\u00fcr eine klimaresiliente Agrarwirtschaft.<\/p>\n<p class=\"MsoPlainText\">&nbsp;<\/p>\n<p class=\"MsoPlainText\">Die Gesch\u00e4ftsstelle des Strategierates wird den Angaben zufolge beim Oldenburgisch-Ostfriesischen Wasserverband mit Sitz in Brake angesiedelt.<\/p>\n<p>Kirche-Oldenburg<br \/>\n<a href=\"https:\/\/www.kirche-oldenburg.de\/\/aktuell\/news-niedersachsen\/artikel\/neues-gremium-weser-ems-stellt-wasser-wissen-zur-verfuegung\" target=\"_blank\" rel=\"noopener\">Neues Gremium: Weser-Ems stellt Wasser-Wissen zur Verf\u00fcgung<\/a><\/p>\n","protected":false},"excerpt":{"rendered":"<p>Osnabr\u00fcck\/Brake (epd). Die Region Weser-Ems m\u00f6chte sich als Kompetenzzentrum f\u00fcr Zukunftsfragen rund um das Wasser positionieren.&nbsp;Daf\u00fcr haben Akteure aus Wirtschaft, Verb\u00e4nden, Wissenschaft und Verwaltung am Donnerstag in Osnabr\u00fcck den Strategierat Wasser Weser-Ems gegr\u00fcndet. Das neue Gremium werde innovative Projekte und Strategien f\u00fcr eine nachhaltige Wasserwirtschaft entwickeln, teilte der Oldenburgisch-Ostfriesische Wasserband mit. Ferner gelte es, die Probleme und notwendigen Aufgaben st\u00e4rker ins \u00f6ffentliche Bewusstsein r\u00fccken. &nbsp; Die derzeitige Situation nicht nur in der Region Weser-Ems sei gekennzeichnet durch wachsenden Wasserbedarf in der Wirtschaft und der Bev\u00f6lkerung, erl\u00e4uterte Stephan Siefken, Landrat des Landkreises Wesermarsch und Vorsitzender des neuen Netzwerks. Zu erwartende Hitzeperioden&#8230;<\/p>\n","protected":false},"author":7,"featured_media":0,"comment_status":"false","ping_status":"open","sticky":false,"template":"","format":"standard","meta":{"footnotes":""},"categories":[43],"tags":[44],"class_list":["post-25289","post","type-post","status-publish","format-standard","hentry","category-kirche-oldenburg","tag-kirche-oldenburg"],"_links":{"self":[{"href":"https:\/\/christusnews.de\/site\/wp-json\/wp\/v2\/posts\/25289","targetHints":{"allow":["GET"]}}],"collection":[{"href":"https:\/\/christusnews.de\/site\/wp-json\/wp\/v2\/posts"}],"about":[{"href":"https:\/\/christusnews.de\/site\/wp-json\/wp\/v2\/types\/post"}],"author":[{"embeddable":true,"href":"https:\/\/christusnews.de\/site\/wp-json\/wp\/v2\/users\/7"}],"replies":[{"embeddable":true,"href":"https:\/\/christusnews.de\/site\/wp-json\/wp\/v2\/comments?post=25289"}],"version-history":[{"count":1,"href":"https:\/\/christusnews.de\/site\/wp-json\/wp\/v2\/posts\/25289\/revisions"}],"predecessor-version":[{"id":25290,"href":"https:\/\/christusnews.de\/site\/wp-json\/wp\/v2\/posts\/25289\/revisions\/25290"}],"wp:attachment":[{"href":"https:\/\/christusnews.de\/site\/wp-json\/wp\/v2\/media?parent=25289"}],"wp:term":[{"taxonomy":"category","embeddable":true,"href":"https:\/\/christusnews.de\/site\/wp-json\/wp\/v2\/categories?post=25289"},{"taxonomy":"post_tag","embeddable":true,"href":"https:\/\/christusnews.de\/site\/wp-json\/wp\/v2\/tags?post=25289"}],"curies":[{"name":"wp","href":"https:\/\/api.w.org\/{rel}","templated":true}]}}