{"id":25293,"date":"2023-10-06T06:35:05","date_gmt":"2023-10-06T04:35:05","guid":{"rendered":"https:\/\/christusnews.de\/site\/klaus-wladar-mit-guitarra-pura-im-abendklangin-einem-kaleidoskop-musikalischer-klangfarben-laesst-der-wiener-gitarrist-klaus-wladar-in-einem-stimmungsvollen-gitarrenkonzert-die-sec\/"},"modified":"2023-10-06T11:17:31","modified_gmt":"2023-10-06T09:17:31","slug":"klaus-wladar-mit-guitarra-pura-im-abendklangin-einem-kaleidoskop-musikalischer-klangfarben-laesst-der-wiener-gitarrist-klaus-wladar-in-einem-stimmungsvollen-gitarrenkonzert-die-sec","status":"publish","type":"post","link":"https:\/\/christusnews.de\/site\/klaus-wladar-mit-guitarra-pura-im-abendklangin-einem-kaleidoskop-musikalischer-klangfarben-laesst-der-wiener-gitarrist-klaus-wladar-in-einem-stimmungsvollen-gitarrenkonzert-die-sec\/","title":{"rendered":"Klaus Wladar mit \u201eGUITARRA PURA!\u201c im Abendklang\nIn einem Kaleidoskop musikalischer Klangfarben l\u00e4sst der Wiener Gitarrist Klaus Wladar in einem stimmungsvollen Gitarrenkonzert die sechs Saiten erklingen: Das Konzert findet am 8. Oktober (18 Uhr) in einem Abendklang in der Christus- und Garnisonkirche statt. Fans der Gitarre kommen an diesem Abend voller Leidenschaftlichkeit und Virtuosit\u00e4t ganz auf ihre Kosten! Ob Klassik, Spanisches, S\u00fcdamerikanisches oder modern &#8211; Jazziges, Klaus Wladar ist in allen Stilen  beheimatet und gleitet mit traumwandlerischer Sicherheit \u00fcber das Griffbrett.\nDer Abendklang findet regelm\u00e4\u00dfig Sonntagabends statt. Der Eintritt ist frei, um eine Kollekte f\u00fcr den K\u00fcnstler wird gebeten. \n\nDer K\u00fcnstler studierte in Salzburg, Lausanne, Barcelona und Augsburg und ist mehrfacher Preistr\u00e4ger internationaler Gitarrenwettbewerbe wie dem Concorso Internazionale Citt\u00e1 di Stresa (Italien), der International Guitar Competition Volos (Griechenland) oder dem Tokyo International Guitarcontest (Japan). Der Gitarrist konzertiert regelm\u00e4\u00dfig in vielen europ\u00e4ischen L\u00e4ndern, in Japan sowie in Radio und Fernsehen.Klaus Wladar leitet am Leopold-Mozart-Zentrum der Universit\u00e4t Augsburg eine Gitarrenklasse."},"content":{"rendered":"<p>Klaus Wladar mit \u201eGUITARRA PURA!\u201c im Abendklang<br \/>\nIn einem Kaleidoskop musikalischer Klangfarben l\u00e4sst der Wiener Gitarrist Klaus Wladar in einem stimmungsvollen Gitarrenkonzert die sechs Saiten erklingen: Das Konzert findet am 8. Oktober (18 Uhr) in einem Abendklang in der Christus- und Garnisonkirche statt. Fans der Gitarre kommen an diesem Abend voller Leidenschaftlichkeit und Virtuosit\u00e4t ganz auf ihre Kosten! Ob Klassik, Spanisches, S\u00fcdamerikanisches oder modern &#8211; Jazziges, Klaus Wladar ist in allen Stilen  beheimatet und gleitet mit traumwandlerischer Sicherheit \u00fcber das Griffbrett.<br \/>\nDer Abendklang findet regelm\u00e4\u00dfig Sonntagabends statt. Der Eintritt ist frei, um eine Kollekte f\u00fcr den K\u00fcnstler wird gebeten. <\/p>\n<p>Der K\u00fcnstler studierte in Salzburg, Lausanne, Barcelona und Augsburg und ist mehrfacher Preistr\u00e4ger internationaler Gitarrenwettbewerbe wie dem Concorso Internazionale Citt\u00e1 di Stresa (Italien), der International Guitar Competition Volos (Griechenland) oder dem Tokyo International Guitarcontest (Japan). Der Gitarrist konzertiert regelm\u00e4\u00dfig in vielen europ\u00e4ischen L\u00e4ndern, in Japan sowie in Radio und Fernsehen.Klaus Wladar leitet am Leopold-Mozart-Zentrum der Universit\u00e4t Augsburg eine Gitarrenklasse.<br \/>\nHAVENKIRCHE@FB<br \/>\n<a href=\"https:\/\/www.facebook.com\/396185572708352\/posts\/630009665992607\" target=\"_blank\" rel=\"noopener\">Klaus Wladar mit \u201eGUITARRA PURA!\u201c im Abendklang<br \/>\nIn einem Kaleidoskop musikalischer Klangfarben l\u00e4sst der Wiener Gitarrist Klaus Wladar in einem stimmungsvollen Gitarrenkonzert die sechs Saiten erklingen: Das Konzert findet am 8. Oktober (18 Uhr) in einem Abendklang in der Christus- und Garnisonkirche statt. Fans der Gitarre kommen an diesem Abend voller Leidenschaftlichkeit und Virtuosit\u00e4t ganz auf ihre Kosten! Ob Klassik, Spanisches, S\u00fcdamerikanisches oder modern &#8211; Jazziges, Klaus Wladar ist in allen Stilen  beheimatet und gleitet mit traumwandlerischer Sicherheit \u00fcber das Griffbrett.<br \/>\nDer Abendklang findet regelm\u00e4\u00dfig Sonntagabends statt. Der Eintritt ist frei, um eine Kollekte f\u00fcr den K\u00fcnstler wird gebeten. <\/p>\n<p>Der K\u00fcnstler studierte in Salzburg, Lausanne, Barcelona und Augsburg und ist mehrfacher Preistr\u00e4ger internationaler Gitarrenwettbewerbe wie dem Concorso Internazionale Citt\u00e1 di Stresa (Italien), der International Guitar Competition Volos (Griechenland) oder dem Tokyo International Guitarcontest (Japan). Der Gitarrist konzertiert regelm\u00e4\u00dfig in vielen europ\u00e4ischen L\u00e4ndern, in Japan sowie in Radio und Fernsehen.Klaus Wladar leitet am Leopold-Mozart-Zentrum der Universit\u00e4t Augsburg eine Gitarrenklasse.<\/a><\/p>\n","protected":false},"excerpt":{"rendered":"<p>Klaus Wladar mit \u201eGUITARRA PURA!\u201c im Abendklang In einem Kaleidoskop musikalischer Klangfarben l\u00e4sst der Wiener Gitarrist Klaus Wladar in einem stimmungsvollen Gitarrenkonzert die sechs Saiten erklingen: Das Konzert findet am 8. Oktober (18 Uhr) in einem Abendklang in der Christus- und Garnisonkirche statt. Fans der Gitarre kommen an diesem Abend voller Leidenschaftlichkeit und Virtuosit\u00e4t ganz auf ihre Kosten! Ob Klassik, Spanisches, S\u00fcdamerikanisches oder modern &#8211; Jazziges, Klaus Wladar ist in allen Stilen beheimatet und gleitet mit traumwandlerischer Sicherheit \u00fcber das Griffbrett. Der Abendklang findet regelm\u00e4\u00dfig Sonntagabends statt. Der Eintritt ist frei, um eine Kollekte f\u00fcr den K\u00fcnstler wird gebeten. Der&#8230;<\/p>\n","protected":false},"author":6,"featured_media":0,"comment_status":"false","ping_status":"open","sticky":false,"template":"","format":"standard","meta":{"footnotes":""},"categories":[75],"tags":[76],"class_list":["post-25293","post","type-post","status-publish","format-standard","hentry","category-havenkirche","tag-havenkirche"],"_links":{"self":[{"href":"https:\/\/christusnews.de\/site\/wp-json\/wp\/v2\/posts\/25293","targetHints":{"allow":["GET"]}}],"collection":[{"href":"https:\/\/christusnews.de\/site\/wp-json\/wp\/v2\/posts"}],"about":[{"href":"https:\/\/christusnews.de\/site\/wp-json\/wp\/v2\/types\/post"}],"author":[{"embeddable":true,"href":"https:\/\/christusnews.de\/site\/wp-json\/wp\/v2\/users\/6"}],"replies":[{"embeddable":true,"href":"https:\/\/christusnews.de\/site\/wp-json\/wp\/v2\/comments?post=25293"}],"version-history":[{"count":1,"href":"https:\/\/christusnews.de\/site\/wp-json\/wp\/v2\/posts\/25293\/revisions"}],"predecessor-version":[{"id":25294,"href":"https:\/\/christusnews.de\/site\/wp-json\/wp\/v2\/posts\/25293\/revisions\/25294"}],"wp:attachment":[{"href":"https:\/\/christusnews.de\/site\/wp-json\/wp\/v2\/media?parent=25293"}],"wp:term":[{"taxonomy":"category","embeddable":true,"href":"https:\/\/christusnews.de\/site\/wp-json\/wp\/v2\/categories?post=25293"},{"taxonomy":"post_tag","embeddable":true,"href":"https:\/\/christusnews.de\/site\/wp-json\/wp\/v2\/tags?post=25293"}],"curies":[{"name":"wp","href":"https:\/\/api.w.org\/{rel}","templated":true}]}}