{"id":25299,"date":"2023-10-08T12:04:00","date_gmt":"2023-10-08T10:04:00","guid":{"rendered":"https:\/\/christusnews.de\/site\/diakonie-warnt-vor-gesellschaftlicher-spaltungskraft-der-armut\/"},"modified":"2023-10-09T23:17:59","modified_gmt":"2023-10-09T21:17:59","slug":"diakonie-warnt-vor-gesellschaftlicher-spaltungskraft-der-armut","status":"publish","type":"post","link":"https:\/\/christusnews.de\/site\/diakonie-warnt-vor-gesellschaftlicher-spaltungskraft-der-armut\/","title":{"rendered":"Diakonie warnt vor gesellschaftlicher Spaltungskraft der Armut"},"content":{"rendered":"<p class=\"MsoPlainText\">Leer\/Borkum (epd). Der Vorsitzende des evangelisch-reformierten Diakonischen Werkes, Pastor Werner Keil aus Bremerhaven, hat vor einer Spaltung durch Armut gewarnt. \u00abArmut spaltet Gesellschaften.&nbsp;Sie spaltet die globale Gesellschaft der Nationen in arme und reiche Nationen und Regionen, und gleichzeitig spaltet sie innerhalb der nationalen beziehungsweise regionalen Gesellschaften die Bev\u00f6lkerung\u00bb, sagte er bei der Jahreskonferenz der Diakonie auf Borkum, wie ein Kirchensprecher am Sonntag mitteilte.<\/p>\n<p class=\"MsoPlainText\">&nbsp;<\/p>\n<p class=\"MsoPlainText\">Auch Kirchenpr\u00e4sidentin Susanne Bei der Wieden wies in einem Gru\u00dfwort auf die Folgen einer nicht bek\u00e4mpften und wachsenden Armut hin. \u00abDie deutliche Furcht vor Armut und vor einem wachsenden Armutsrisiko f\u00f6rdert in der Mitte der Gesellschaft Misstrauen in die Politik und das rechtsstaatliche System.\u00bb Mit ihren diakonischen Angeboten begegne die Kirche tagt\u00e4glich dem Thema Armut.<\/p>\n<p class=\"MsoPlainText\">&nbsp;<\/p>\n<p class=\"MsoPlainText\">Bei der Wieden dankte in diesem Zusammenhang den Mitarbeitenden.&nbsp;\u00abSie begegnen den Menschen, die von Armut betroffen sind. Sie schenken Ihnen Geh\u00f6r. Sie schenken Ihnen offene Herzen. Sie geben ihnen eine Stimme.\u00bb Das sei ein Hoffnungszeichen und ein wichtiges Signal in die Gesellschaft hinein. \u00abVielleicht auch ein solches, das Menschen zum Mittun einl\u00e4dt\u00bb, sagte die Kirchenpr\u00e4sidentin.<\/p>\n<p>Kirche-Oldenburg<br \/>\n<a href=\"https:\/\/www.kirche-oldenburg.de\/\/aktuell\/news-niedersachsen\/artikel\/diakonie-warnt-vor-gesellschaftlicher-spaltungskraft-der-armut\" target=\"_blank\" rel=\"noopener\">Diakonie warnt vor gesellschaftlicher Spaltungskraft der Armut<\/a><\/p>\n","protected":false},"excerpt":{"rendered":"<p>Leer\/Borkum (epd). Der Vorsitzende des evangelisch-reformierten Diakonischen Werkes, Pastor Werner Keil aus Bremerhaven, hat vor einer Spaltung durch Armut gewarnt. \u00abArmut spaltet Gesellschaften.&nbsp;Sie spaltet die globale Gesellschaft der Nationen in arme und reiche Nationen und Regionen, und gleichzeitig spaltet sie innerhalb der nationalen beziehungsweise regionalen Gesellschaften die Bev\u00f6lkerung\u00bb, sagte er bei der Jahreskonferenz der Diakonie auf Borkum, wie ein Kirchensprecher am Sonntag mitteilte. &nbsp; Auch Kirchenpr\u00e4sidentin Susanne Bei der Wieden wies in einem Gru\u00dfwort auf die Folgen einer nicht bek\u00e4mpften und wachsenden Armut hin. \u00abDie deutliche Furcht vor Armut und vor einem wachsenden Armutsrisiko f\u00f6rdert in der Mitte der Gesellschaft&#8230;<\/p>\n","protected":false},"author":7,"featured_media":0,"comment_status":"false","ping_status":"open","sticky":false,"template":"","format":"standard","meta":{"footnotes":""},"categories":[43],"tags":[44],"class_list":["post-25299","post","type-post","status-publish","format-standard","hentry","category-kirche-oldenburg","tag-kirche-oldenburg"],"_links":{"self":[{"href":"https:\/\/christusnews.de\/site\/wp-json\/wp\/v2\/posts\/25299","targetHints":{"allow":["GET"]}}],"collection":[{"href":"https:\/\/christusnews.de\/site\/wp-json\/wp\/v2\/posts"}],"about":[{"href":"https:\/\/christusnews.de\/site\/wp-json\/wp\/v2\/types\/post"}],"author":[{"embeddable":true,"href":"https:\/\/christusnews.de\/site\/wp-json\/wp\/v2\/users\/7"}],"replies":[{"embeddable":true,"href":"https:\/\/christusnews.de\/site\/wp-json\/wp\/v2\/comments?post=25299"}],"version-history":[{"count":1,"href":"https:\/\/christusnews.de\/site\/wp-json\/wp\/v2\/posts\/25299\/revisions"}],"predecessor-version":[{"id":25300,"href":"https:\/\/christusnews.de\/site\/wp-json\/wp\/v2\/posts\/25299\/revisions\/25300"}],"wp:attachment":[{"href":"https:\/\/christusnews.de\/site\/wp-json\/wp\/v2\/media?parent=25299"}],"wp:term":[{"taxonomy":"category","embeddable":true,"href":"https:\/\/christusnews.de\/site\/wp-json\/wp\/v2\/categories?post=25299"},{"taxonomy":"post_tag","embeddable":true,"href":"https:\/\/christusnews.de\/site\/wp-json\/wp\/v2\/tags?post=25299"}],"curies":[{"name":"wp","href":"https:\/\/api.w.org\/{rel}","templated":true}]}}