{"id":25303,"date":"2023-10-07T12:01:00","date_gmt":"2023-10-07T10:01:00","guid":{"rendered":"https:\/\/christusnews.de\/site\/solidaritaet-aus-deutschland-mit-israel-nach-eskalation-in-nahost\/"},"modified":"2023-10-09T23:18:00","modified_gmt":"2023-10-09T21:18:00","slug":"solidaritaet-aus-deutschland-mit-israel-nach-eskalation-in-nahost","status":"publish","type":"post","link":"https:\/\/christusnews.de\/site\/solidaritaet-aus-deutschland-mit-israel-nach-eskalation-in-nahost\/","title":{"rendered":"Solidarit\u00e4t aus Deutschland mit Israel nach Eskalation in Nahost"},"content":{"rendered":"<p class=\"MsoPlainText\">Berlin\/Hannover (epd). Zahlreiche Politiker sowie kirchliche Vertreterinnen und Vertreter in Deutschland haben sich entsetzt \u00fcber die kriegerische Eskalation des Nahost-Konflikts mit zahlreichen Toten und Verletzten ge\u00e4u\u00dfert. Sie verurteilten am Samstag die Angriffe auf Israel und bekundeten Solidarit\u00e4t mit dem Land.<\/p>\n<p class=\"MsoPlainText\">&nbsp;<\/p>\n<p class=\"MsoPlainText\">&nbsp;Bundespr\u00e4sident Frank-Walter Steinmeier telefonierte laut Bundespr\u00e4sidialamt mit seinem israelischen Amtskollegen Isaac Herzog. Dieser habe ihm \u00abvon dem schockierenden Ausma\u00df der Angriffe der Hamas an mehreren Orten seines Landes berichtet\u00bb. Israel m\u00fcsse sich gegen \u00abbrutalen Terror verteidigen\u00bb. \u00abMeine volle Solidarit\u00e4t gilt unseren angegriffenen israelischen Freunden\u00bb, versicherte Steinmeier.<\/p>\n<p class=\"MsoPlainText\">&nbsp;<\/p>\n<p class=\"MsoPlainText\">Bundeskanzler Olaf Scholz (SPD) \u00e4u\u00dferte sich auf X, vormals Twitter, \u00abzutiefst\u00bb ersch\u00fcttert. \u00abDeutschland verurteilt diese Angriffe der Hamas und steht an Israels Seite\u00bb, versicherte er. Das Ausw\u00e4rtige Amt prangerte \u00abdie abscheuliche Gewalt der Hamas gegen Zivilistinnen und Zivilisten\u00bb an. \u00abDieser Terror muss sofort gestoppt werden\u00bb, hie\u00df es.<\/p>\n<p class=\"MsoPlainText\">&nbsp;<\/p>\n<p class=\"MsoPlainText\">Auch die christlichen Kirchen solidarisierten sich mit Israel.&nbsp;\u00abIch verurteile die furchtbaren terroristischen Angriffe zutiefst\u00bb, teilte die Ratsvorsitzende der Evangelischen Kirche in Deutschland (EKD), Annette Kurschus, dem Evangelischen Pressedienst (epd) mit.&nbsp;\u00abUnsere Gedanken und Gebete sind bei den Menschen in Israel, deren Land wir noch vor wenigen Tagen besucht haben\u00bb, versicherte die westf\u00e4lische Pr\u00e4ses.<\/p>\n<p class=\"MsoPlainText\">&nbsp;<\/p>\n<p class=\"MsoPlainText\">Der Vorsitzende der katholischen Deutschen Bischofskonferenz (DBK), Georg B\u00e4tzing, sprach auf X von einer \u00abgef\u00e4hrlichen Eskalation\u00bb. Er bete f\u00fcr die Opfer und trauere um die Toten. Der Nahe Osten brauche \u00abendlich einen echten Friedensprozess, der die Interessen von Israelis und Pal\u00e4stinensern ber\u00fccksichtigt\u00bb, erkl\u00e4rte der DBK-Vorsitzende, der zugleich Limburger Bischof ist und f\u00fcgte hinzu: \u00abDabei gibt es f\u00fcr uns keinerlei Zweifel am Existenzrecht Israels und eines pal\u00e4stinensischen Staates.\u00bb<\/p>\n<p class=\"MsoPlainText\">&nbsp;<\/p>\n<p class=\"MsoPlainText\">Der lange schwelende Konflikt zwischen dem Staat Israel und der radikalislamischen Terrororganisation Hamas war am Samstag kriegerisch eskaliert. \u00abIsrael befindet sich im Krieg\u00bb, schrieb die israelische Botschaft in Berlin auf X. \u00abDie Terrororganisation Hamas hat Israel heute Morgen angegriffen. Israel wird alles Notwendige tun, um sich und seine B\u00fcrgerinnen und B\u00fcrger zu verteidigen\u00bb, hie\u00df es.<\/p>\n<p class=\"MsoPlainText\">&nbsp;<\/p>\n<p class=\"MsoPlainText\">Der Pr\u00e4sident der Deutsch-Israelischen Gesellschaft, Volker Beck, teilte mit: \u00abDie feigen und verbrecherischen Angriffe mit hunderten Raketen auf die israelische Zivilbev\u00f6lkerung und das Eindringen einer gro\u00dfen Zahl von Terroristen in israelische Gemeinden und Kibbuzim sind auf das Sch\u00e4rfste zu verurteilen.\u00bb Er billigte Israel das Recht zu, \u00abdiese Gefahr f\u00fcr das Leben von Israelis abzuwenden, indem die Terroristen festgenommen oder unsch\u00e4dlich gemacht werden\u00bb.<\/p>\n<p class=\"MsoPlainText\">&nbsp;<\/p>\n<p class=\"MsoPlainText\">Das Internationale Auschwitz-Komitee verurteilte in einer Mitteilung den \u00abunter Pal\u00e4stinensern immer wieder neu angefachten Antisemitismus\u00bb und den \u00abVernichtungswillen gegen\u00fcber dem Staat Israel\u00bb. Deshalb m\u00fcsse sich nicht nur die deutsche Regierung fragen lassen, warum die EU pal\u00e4stinensische Beh\u00f6rden \u00abimmer wieder durch massive Finanzhilfen unterst\u00fctzt, obwohl sie f\u00fcr die Propagierung von antisemitischem Hass und Gewalt Mitverantwortung tragen\u00bb.<\/p>\n<p class=\"MsoPlainText\">&nbsp;<\/p>\n<p class=\"MsoPlainText\">Vor diesem Hintergrund sprach sich die Vorsitzende des Verteidigungsausschusses im Bundestag, Marie-Agnes Strack-Zimmermann (FDP), f\u00fcr die \u00dcberpr\u00fcfung aller Hilfen an den pal\u00e4stinensischen Gaza-Streifen aus. Jegliche Verwendung f\u00fcr antiisraelische oder antisemitische Zwecke m\u00fcsse vollst\u00e4ndig ausgeschlossen sein.<\/p>\n<p>Kirche-Oldenburg<br \/>\n<a href=\"https:\/\/www.kirche-oldenburg.de\/\/aktuell\/news-niedersachsen\/artikel\/solidaritaet-aus-deutschland-mit-israel-nach-eskalation-in-nahost\" target=\"_blank\" rel=\"noopener\">Solidarit\u00e4t aus Deutschland mit Israel nach Eskalation in Nahost<\/a><\/p>\n","protected":false},"excerpt":{"rendered":"<p>Berlin\/Hannover (epd). Zahlreiche Politiker sowie kirchliche Vertreterinnen und Vertreter in Deutschland haben sich entsetzt \u00fcber die kriegerische Eskalation des Nahost-Konflikts mit zahlreichen Toten und Verletzten ge\u00e4u\u00dfert. Sie verurteilten am Samstag die Angriffe auf Israel und bekundeten Solidarit\u00e4t mit dem Land. &nbsp; &nbsp;Bundespr\u00e4sident Frank-Walter Steinmeier telefonierte laut Bundespr\u00e4sidialamt mit seinem israelischen Amtskollegen Isaac Herzog. Dieser habe ihm \u00abvon dem schockierenden Ausma\u00df der Angriffe der Hamas an mehreren Orten seines Landes berichtet\u00bb. Israel m\u00fcsse sich gegen \u00abbrutalen Terror verteidigen\u00bb. \u00abMeine volle Solidarit\u00e4t gilt unseren angegriffenen israelischen Freunden\u00bb, versicherte Steinmeier. &nbsp; Bundeskanzler Olaf Scholz (SPD) \u00e4u\u00dferte sich auf X, vormals Twitter, \u00abzutiefst\u00bb ersch\u00fcttert&#8230;.<\/p>\n","protected":false},"author":7,"featured_media":0,"comment_status":"false","ping_status":"open","sticky":false,"template":"","format":"standard","meta":{"footnotes":""},"categories":[43],"tags":[44],"class_list":["post-25303","post","type-post","status-publish","format-standard","hentry","category-kirche-oldenburg","tag-kirche-oldenburg"],"_links":{"self":[{"href":"https:\/\/christusnews.de\/site\/wp-json\/wp\/v2\/posts\/25303","targetHints":{"allow":["GET"]}}],"collection":[{"href":"https:\/\/christusnews.de\/site\/wp-json\/wp\/v2\/posts"}],"about":[{"href":"https:\/\/christusnews.de\/site\/wp-json\/wp\/v2\/types\/post"}],"author":[{"embeddable":true,"href":"https:\/\/christusnews.de\/site\/wp-json\/wp\/v2\/users\/7"}],"replies":[{"embeddable":true,"href":"https:\/\/christusnews.de\/site\/wp-json\/wp\/v2\/comments?post=25303"}],"version-history":[{"count":1,"href":"https:\/\/christusnews.de\/site\/wp-json\/wp\/v2\/posts\/25303\/revisions"}],"predecessor-version":[{"id":25304,"href":"https:\/\/christusnews.de\/site\/wp-json\/wp\/v2\/posts\/25303\/revisions\/25304"}],"wp:attachment":[{"href":"https:\/\/christusnews.de\/site\/wp-json\/wp\/v2\/media?parent=25303"}],"wp:term":[{"taxonomy":"category","embeddable":true,"href":"https:\/\/christusnews.de\/site\/wp-json\/wp\/v2\/categories?post=25303"},{"taxonomy":"post_tag","embeddable":true,"href":"https:\/\/christusnews.de\/site\/wp-json\/wp\/v2\/tags?post=25303"}],"curies":[{"name":"wp","href":"https:\/\/api.w.org\/{rel}","templated":true}]}}