{"id":25307,"date":"2023-10-06T12:00:00","date_gmt":"2023-10-06T10:00:00","guid":{"rendered":"https:\/\/christusnews.de\/site\/umweltverbaende-lehnen-weitere-vertiefung-der-weser-ab\/"},"modified":"2023-10-09T23:18:01","modified_gmt":"2023-10-09T21:18:01","slug":"umweltverbaende-lehnen-weitere-vertiefung-der-weser-ab","status":"publish","type":"post","link":"https:\/\/christusnews.de\/site\/umweltverbaende-lehnen-weitere-vertiefung-der-weser-ab\/","title":{"rendered":"Umweltverb\u00e4nde lehnen weitere Vertiefung der Weser ab"},"content":{"rendered":"<p class=\"MsoPlainText\">Hannover\/Bremerhaven (epd). Mehrere Umweltverb\u00e4nde haben sich erneut gegen eine Vertiefung der Unterweser zwischen Bremerhaven und Brake ausgesprochen. Der BUND, der Nabu und der WWF forderten die Politik eindringlich auf, \u00abdie seit Jahrzehnten fortgesetzte Spirale immer neuer Flussvertiefungen mit katastrophalen \u00f6kologischen Auswirkungen zu durchbrechen\u00bb, wie die Verb\u00e4nde am Freitag in Hannover mitteilten. Der nieders\u00e4chsische Wirtschaftsminister Olaf Lies (SPD) und Umweltminister Christian Meyer (Gr\u00fcne) haben f\u00fcr Montag (9. Oktober) zum \u00abDialog zur Fahrrinnenanpassung der Unterweser (Nord)\u00bb eingeladen.<\/p>\n<p class=\"MsoPlainText\">&nbsp;<\/p>\n<p class=\"MsoPlainText\">Die Bundeswasserstra\u00dfe solle soweit vertieft werden, dass Seeschiffe mit einem Tiefgang von 12,80 Metern den Hafen von Brake tideabh\u00e4ngig erreichen k\u00f6nnen, hie\u00df es. Parallel dazu vertiefe das Bundesland Bremen die Au\u00dfenweser f\u00fcr das Containerterminal Bremerhaven.<\/p>\n<p class=\"MsoPlainText\">&nbsp;<\/p>\n<p class=\"MsoPlainText\">Nach Ansicht der Umweltverb\u00e4nde drohen massive \u00f6kologische Folgesch\u00e4den. Die Vertiefung bringe zus\u00e4tzliches salziges Brackwasser die Weser aufw\u00e4rts und in die Wesermarsch. Zudem steige das Hochwasserrisiko durch die sich ver\u00e4ndernde Dynamik von Ebbe und Flut. Hinzu k\u00e4men die noch kaum absehbaren Folgen der Klimakrise mit einem beschleunigten Meeresspiegelanstieg.<\/p>\n<p class=\"MsoPlainText\">&nbsp;<\/p>\n<p class=\"MsoPlainText\">Der BUND habe mit Unterst\u00fctzung des WWF Deutschland bereits vor mehr als zehn Jahren gegen eine erneute Weservertiefung geklagt und sowohl vor dem Europ\u00e4ischen Gerichtshof als auch dem Bundesverwaltungsgericht Recht bekommen, hie\u00df es. Der damalige Planfeststellungsbeschluss sei wegen schwerer M\u00e4ngel bez\u00fcglich europ\u00e4ischen und nationalen Naturschutzrechts und Unvereinbarkeit mit dem Verschlechterungsverbot der europ\u00e4ischen Wasserrahmenrichtlinie f\u00fcr nicht vollziehbar erkl\u00e4rt worden.<\/p>\n<p>Kirche-Oldenburg<br \/>\n<a href=\"https:\/\/www.kirche-oldenburg.de\/\/aktuell\/news-niedersachsen\/artikel\/umweltverbaende-lehnen-weitere-vertiefung-der-weser-ab\" target=\"_blank\" rel=\"noopener\">Umweltverb\u00e4nde lehnen weitere Vertiefung der Weser ab<\/a><\/p>\n","protected":false},"excerpt":{"rendered":"<p>Hannover\/Bremerhaven (epd). Mehrere Umweltverb\u00e4nde haben sich erneut gegen eine Vertiefung der Unterweser zwischen Bremerhaven und Brake ausgesprochen. Der BUND, der Nabu und der WWF forderten die Politik eindringlich auf, \u00abdie seit Jahrzehnten fortgesetzte Spirale immer neuer Flussvertiefungen mit katastrophalen \u00f6kologischen Auswirkungen zu durchbrechen\u00bb, wie die Verb\u00e4nde am Freitag in Hannover mitteilten. Der nieders\u00e4chsische Wirtschaftsminister Olaf Lies (SPD) und Umweltminister Christian Meyer (Gr\u00fcne) haben f\u00fcr Montag (9. Oktober) zum \u00abDialog zur Fahrrinnenanpassung der Unterweser (Nord)\u00bb eingeladen. &nbsp; Die Bundeswasserstra\u00dfe solle soweit vertieft werden, dass Seeschiffe mit einem Tiefgang von 12,80 Metern den Hafen von Brake tideabh\u00e4ngig erreichen k\u00f6nnen, hie\u00df es. Parallel&#8230;<\/p>\n","protected":false},"author":7,"featured_media":0,"comment_status":"false","ping_status":"open","sticky":false,"template":"","format":"standard","meta":{"footnotes":""},"categories":[43],"tags":[44],"class_list":["post-25307","post","type-post","status-publish","format-standard","hentry","category-kirche-oldenburg","tag-kirche-oldenburg"],"_links":{"self":[{"href":"https:\/\/christusnews.de\/site\/wp-json\/wp\/v2\/posts\/25307","targetHints":{"allow":["GET"]}}],"collection":[{"href":"https:\/\/christusnews.de\/site\/wp-json\/wp\/v2\/posts"}],"about":[{"href":"https:\/\/christusnews.de\/site\/wp-json\/wp\/v2\/types\/post"}],"author":[{"embeddable":true,"href":"https:\/\/christusnews.de\/site\/wp-json\/wp\/v2\/users\/7"}],"replies":[{"embeddable":true,"href":"https:\/\/christusnews.de\/site\/wp-json\/wp\/v2\/comments?post=25307"}],"version-history":[{"count":1,"href":"https:\/\/christusnews.de\/site\/wp-json\/wp\/v2\/posts\/25307\/revisions"}],"predecessor-version":[{"id":25308,"href":"https:\/\/christusnews.de\/site\/wp-json\/wp\/v2\/posts\/25307\/revisions\/25308"}],"wp:attachment":[{"href":"https:\/\/christusnews.de\/site\/wp-json\/wp\/v2\/media?parent=25307"}],"wp:term":[{"taxonomy":"category","embeddable":true,"href":"https:\/\/christusnews.de\/site\/wp-json\/wp\/v2\/categories?post=25307"},{"taxonomy":"post_tag","embeddable":true,"href":"https:\/\/christusnews.de\/site\/wp-json\/wp\/v2\/tags?post=25307"}],"curies":[{"name":"wp","href":"https:\/\/api.w.org\/{rel}","templated":true}]}}