{"id":25311,"date":"2023-10-09T09:10:00","date_gmt":"2023-10-09T07:10:00","guid":{"rendered":"https:\/\/christusnews.de\/site\/bischoefe-in-niedersachsen-verurteilen-angriff-der-hamas-auf-israel\/"},"modified":"2023-10-10T11:19:50","modified_gmt":"2023-10-10T09:19:50","slug":"bischoefe-in-niedersachsen-verurteilen-angriff-der-hamas-auf-israel","status":"publish","type":"post","link":"https:\/\/christusnews.de\/site\/bischoefe-in-niedersachsen-verurteilen-angriff-der-hamas-auf-israel\/","title":{"rendered":"Bisch\u00f6fe in Niedersachsen verurteilen Angriff der Hamas auf Israel"},"content":{"rendered":"<p class=\"MsoPlainText\">Braunschweig\/Osnabr\u00fcck (epd). Die katholischen und evangelischen Bisch\u00f6fe in Niedersachsen haben den Angriff der Hamas auf Israel scharf verurteilt. \u00abDie menschenverachtende Gewalt ist in keinerlei Weise zu legitimieren\u00bb, sagte der braunschweigische Landesbischof Christoph Meyns am Montag in Wolfenb\u00fcttel. Die Kirche stehe solidarisch an der Seite Israels. Die katholischen Bisch\u00f6fe Heiner Wilmer aus Hildesheim, Johannes W\u00fcbbe aus Osnabr\u00fcck und Wilfried Theising aus Vechta beklagten, die Attacke sei eine weitere Eskalation des seit Jahrzehnten andauernden Konflikts.<\/p>\n<p class=\"MsoPlainText\">&nbsp;<\/p>\n<p class=\"MsoPlainText\">Der Angriff treffe Unschuldige und stelle die Existenz Israels infrage, hei\u00dft es in einer am Montag verbreiteten gemeinsamen Stellungnahme. \u00abSo ist die komplexe Konfliktkonstellation zwischen Israel und Pal\u00e4stina nicht zu l\u00f6sen. Stattdessen gewinnt die Gewalt weiteren Raum und untergr\u00e4bt die Perspektiven auf Frieden.\u00bb Die Bisch\u00f6fe betonten, sie st\u00fcnden an der Seite aller, die unter der Gewalt litten, und derer, \u00abdie trotzdem an der Hoffnung eines friedlichen Zusammenlebens von Israelis und Pal\u00e4stinensern festhalten\u00bb.<\/p>\n<p class=\"MsoPlainText\">&nbsp;<\/p>\n<p class=\"MsoPlainText\">Der evangelische Landesbischof Ralf Meister hatte bereits am Sonntag den Israelis die Solidarit\u00e4t der hannoverschen Landeskirche versichert. Das Existenzrecht Israels m\u00fcsse mit allen Kr\u00e4ften verteidigt werden. Zugleich bete er auch \u00abf\u00fcr all jene Menschen in den pal\u00e4stinensischen Gebieten, die jetzt grausam darunter leiden m\u00fcssen, was andere r\u00fccksichtslos entfesselt haben\u00bb, sagte der Landesbischof, der als Student selbst ein Jahr in Israel gelebt hat. Meister wollte am Montagabend gemeinsam mit Mitgliedern des Landeskirchenamts und des Bischofsrates der Landeskirche an einer Solidarit\u00e4tsdemo in Hannover teilnehmen.<\/p>\n<p class=\"MsoPlainText\">&nbsp;<\/p>\n<p class=\"MsoPlainText\">Meyns forderte ein sofortiges Ende der Angriffe und die Freilassung aller Geiseln. Er \u00e4u\u00dferte Verst\u00e4ndnis f\u00fcr die Gegenangriffe Israels im Gaza-Streifen, zeigte sich aber zugleich besorgt \u00fcber die erneut in Gang gesetzte Spirale der Gewalt. Die braunschweigische Landeskirche l\u00e4dt zu einem Friedensgebet f\u00fcr Israel am Mittwoch (11. Oktober) um 17 Uhr im Braunschweiger Dom ein.<\/p>\n<p>Kirche-Oldenburg<br \/>\n<a href=\"https:\/\/www.kirche-oldenburg.de\/\/aktuell\/news-niedersachsen\/artikel\/bischoefe-in-niedersachsen-verurteilen-angriff-der-hamas-auf-israel\" target=\"_blank\" rel=\"noopener\">Bisch\u00f6fe in Niedersachsen verurteilen Angriff der Hamas auf Israel<\/a><\/p>\n","protected":false},"excerpt":{"rendered":"<p>Braunschweig\/Osnabr\u00fcck (epd). Die katholischen und evangelischen Bisch\u00f6fe in Niedersachsen haben den Angriff der Hamas auf Israel scharf verurteilt. \u00abDie menschenverachtende Gewalt ist in keinerlei Weise zu legitimieren\u00bb, sagte der braunschweigische Landesbischof Christoph Meyns am Montag in Wolfenb\u00fcttel. Die Kirche stehe solidarisch an der Seite Israels. Die katholischen Bisch\u00f6fe Heiner Wilmer aus Hildesheim, Johannes W\u00fcbbe aus Osnabr\u00fcck und Wilfried Theising aus Vechta beklagten, die Attacke sei eine weitere Eskalation des seit Jahrzehnten andauernden Konflikts. &nbsp; Der Angriff treffe Unschuldige und stelle die Existenz Israels infrage, hei\u00dft es in einer am Montag verbreiteten gemeinsamen Stellungnahme. \u00abSo ist die komplexe Konfliktkonstellation zwischen Israel&#8230;<\/p>\n","protected":false},"author":7,"featured_media":0,"comment_status":"false","ping_status":"open","sticky":false,"template":"","format":"standard","meta":{"footnotes":""},"categories":[43],"tags":[44],"class_list":["post-25311","post","type-post","status-publish","format-standard","hentry","category-kirche-oldenburg","tag-kirche-oldenburg"],"_links":{"self":[{"href":"https:\/\/christusnews.de\/site\/wp-json\/wp\/v2\/posts\/25311","targetHints":{"allow":["GET"]}}],"collection":[{"href":"https:\/\/christusnews.de\/site\/wp-json\/wp\/v2\/posts"}],"about":[{"href":"https:\/\/christusnews.de\/site\/wp-json\/wp\/v2\/types\/post"}],"author":[{"embeddable":true,"href":"https:\/\/christusnews.de\/site\/wp-json\/wp\/v2\/users\/7"}],"replies":[{"embeddable":true,"href":"https:\/\/christusnews.de\/site\/wp-json\/wp\/v2\/comments?post=25311"}],"version-history":[{"count":1,"href":"https:\/\/christusnews.de\/site\/wp-json\/wp\/v2\/posts\/25311\/revisions"}],"predecessor-version":[{"id":25312,"href":"https:\/\/christusnews.de\/site\/wp-json\/wp\/v2\/posts\/25311\/revisions\/25312"}],"wp:attachment":[{"href":"https:\/\/christusnews.de\/site\/wp-json\/wp\/v2\/media?parent=25311"}],"wp:term":[{"taxonomy":"category","embeddable":true,"href":"https:\/\/christusnews.de\/site\/wp-json\/wp\/v2\/categories?post=25311"},{"taxonomy":"post_tag","embeddable":true,"href":"https:\/\/christusnews.de\/site\/wp-json\/wp\/v2\/tags?post=25311"}],"curies":[{"name":"wp","href":"https:\/\/api.w.org\/{rel}","templated":true}]}}