{"id":25317,"date":"2023-10-11T20:22:13","date_gmt":"2023-10-11T18:22:13","guid":{"rendered":"https:\/\/christusnews.de\/site\/aufruf-zu-fuerbitten-und-gebeten-fuer-frieden-im-nahen-osten\/"},"modified":"2023-10-11T23:19:11","modified_gmt":"2023-10-11T21:19:11","slug":"aufruf-zu-fuerbitten-und-gebeten-fuer-frieden-im-nahen-osten","status":"publish","type":"post","link":"https:\/\/christusnews.de\/site\/aufruf-zu-fuerbitten-und-gebeten-fuer-frieden-im-nahen-osten\/","title":{"rendered":"Aufruf zu F\u00fcrbitten und Gebeten f\u00fcr Frieden im Nahen Osten"},"content":{"rendered":"<p>Bischof Thomas Adomeit hat die Kirchengemeinden im Oldenburger Land zu F\u00fcrbitten und Gebeten f\u00fcr den Frieden in Israel und der ganzen Region aufgerufen. Er sei ersch\u00fcttert, welches unermessliches Leid die brutalen Angriffe radikalislamischer Terroristen \u00fcber Israel gebracht h\u00e4tten. Die schrecklichen Bilder hunderter get\u00f6teter, verletzter und verschleppter Zivilistinnen und Zivilisten machten ihn sprachlos. F\u00fcr diese menschenverachtende Gewalt und die unz\u00e4hligen Opfer gebe es keinerlei Rechtfertigung.<\/p>\n<p>\u201eLasst uns beten f\u00fcr die Menschen, die so unfassbares Leid erfahren, f\u00fcr die Familien, die auseinandergerissen wurden. Lasst uns beten f\u00fcr ein Ende der Angriffe und die Freilassung aller Geiseln\u201c, so Bischof Adomeit.<\/p>\n<p>Zugleich zeigte sich Adomeit zutiefst besorgt \u00fcber die erneut in Gang gesetzte Spirale der Gewalt im Nahen Osten.<\/p>\n<p>Als menschenverachtend bezeichnete Adomeit auch, dass die Gewalttaten der Hamas auf deutschen Stra\u00dfen bejubelt w\u00fcrden. \u201eDas ist f\u00fcr mich unertr\u00e4glich\u201c, so der Bischof der Ev.-Luth. Kirche in Oldenburg.<br \/>\n&nbsp;<\/p>\n<p>Kirche-Oldenburg<br \/>\n<a href=\"https:\/\/www.kirche-oldenburg.de\/\/aktuell\/pressemitteilungen\/artikel\/aufruf-zu-fuerbitten-und-gebeten-fuer-frieden-im-nahen-osten\" target=\"_blank\" rel=\"noopener\">Aufruf zu F\u00fcrbitten und Gebeten f\u00fcr Frieden im Nahen Osten<\/a><\/p>\n","protected":false},"excerpt":{"rendered":"<p>Bischof Thomas Adomeit hat die Kirchengemeinden im Oldenburger Land zu F\u00fcrbitten und Gebeten f\u00fcr den Frieden in Israel und der ganzen Region aufgerufen. Er sei ersch\u00fcttert, welches unermessliches Leid die brutalen Angriffe radikalislamischer Terroristen \u00fcber Israel gebracht h\u00e4tten. Die schrecklichen Bilder hunderter get\u00f6teter, verletzter und verschleppter Zivilistinnen und Zivilisten machten ihn sprachlos. F\u00fcr diese menschenverachtende Gewalt und die unz\u00e4hligen Opfer gebe es keinerlei Rechtfertigung. \u201eLasst uns beten f\u00fcr die Menschen, die so unfassbares Leid erfahren, f\u00fcr die Familien, die auseinandergerissen wurden. Lasst uns beten f\u00fcr ein Ende der Angriffe und die Freilassung aller Geiseln\u201c, so Bischof Adomeit. Zugleich zeigte sich&#8230;<\/p>\n","protected":false},"author":7,"featured_media":0,"comment_status":"false","ping_status":"open","sticky":false,"template":"","format":"standard","meta":{"footnotes":""},"categories":[43],"tags":[44],"class_list":["post-25317","post","type-post","status-publish","format-standard","hentry","category-kirche-oldenburg","tag-kirche-oldenburg"],"_links":{"self":[{"href":"https:\/\/christusnews.de\/site\/wp-json\/wp\/v2\/posts\/25317","targetHints":{"allow":["GET"]}}],"collection":[{"href":"https:\/\/christusnews.de\/site\/wp-json\/wp\/v2\/posts"}],"about":[{"href":"https:\/\/christusnews.de\/site\/wp-json\/wp\/v2\/types\/post"}],"author":[{"embeddable":true,"href":"https:\/\/christusnews.de\/site\/wp-json\/wp\/v2\/users\/7"}],"replies":[{"embeddable":true,"href":"https:\/\/christusnews.de\/site\/wp-json\/wp\/v2\/comments?post=25317"}],"version-history":[{"count":1,"href":"https:\/\/christusnews.de\/site\/wp-json\/wp\/v2\/posts\/25317\/revisions"}],"predecessor-version":[{"id":25318,"href":"https:\/\/christusnews.de\/site\/wp-json\/wp\/v2\/posts\/25317\/revisions\/25318"}],"wp:attachment":[{"href":"https:\/\/christusnews.de\/site\/wp-json\/wp\/v2\/media?parent=25317"}],"wp:term":[{"taxonomy":"category","embeddable":true,"href":"https:\/\/christusnews.de\/site\/wp-json\/wp\/v2\/categories?post=25317"},{"taxonomy":"post_tag","embeddable":true,"href":"https:\/\/christusnews.de\/site\/wp-json\/wp\/v2\/tags?post=25317"}],"curies":[{"name":"wp","href":"https:\/\/api.w.org\/{rel}","templated":true}]}}