{"id":25319,"date":"2023-10-10T19:54:00","date_gmt":"2023-10-10T17:54:00","guid":{"rendered":"https:\/\/christusnews.de\/site\/pfarrerin-hilke-freels-thibaut-in-den-ruhestand-verabschiedet\/"},"modified":"2023-10-11T23:19:11","modified_gmt":"2023-10-11T21:19:11","slug":"pfarrerin-hilke-freels-thibaut-in-den-ruhestand-verabschiedet","status":"publish","type":"post","link":"https:\/\/christusnews.de\/site\/pfarrerin-hilke-freels-thibaut-in-den-ruhestand-verabschiedet\/","title":{"rendered":"Pfarrerin Hilke Freels-Thibaut in den Ruhestand verabschiedet"},"content":{"rendered":"<p>Im Rahmen eines Festgottesdienstes in der Oldenburger St.-Lamberti-Kirche ist am Montag, 9. Oktober, Pfarrerin Hilke Freels-Thibaut in den Ruhestand verabschiedet worden. Sie war mehr als 25 Jahre als Pastorin in der Fachstelle Kindergartenarbeit der Ev.-Luth. Kirche in Oldenburg t\u00e4tig.&nbsp;<\/p>\n<p>\u201eAlles muss klein beginnen\u201c \u2013 vom Samenkorn, das klein ist und erst wachsen muss und vom Baum, der seine Wurzeln zur Quelle hinstreckt und von dort seine Kraft zieht, so Hilke Freels-Thibaut in ihrer Predigt. Es sei f\u00fcr sie \u201espannend, begl\u00fcckend und sch\u00f6n\u201c gewesen, im Laufe ihres Berufslebens mitzuerleben, wie das evangelische Profil in den Kitas der Ev.-Luth. Kirche in Oldenburg nach und nach \u201eals etwas Wohltuendes, Wunderbares und Wertvolles entdeckt und angenommen wurde\u201c.&nbsp;<\/p>\n<p>Evangelisches Profil und biblisches Menschenbild hei\u00dfe: \u201eWir schauen in jedem Fall zuerst nach unten, nach dem, was klein, unscheinbar, schwach, verletzlich und verborgen ist. Wir orientieren uns in jedem Fall nach unten \u2013 auch wenn alle Welt immer nach oben schaut und nach dem, was gro\u00df und stark und laut und reich und m\u00e4chtig ist. Das Kleine und Schwache ist f\u00fcr uns nicht das, was Defizite hat und erst noch erzogen oder \u201agro\u00dfgemacht\u2018 werden muss. Wir begegnen ihm voller Ehrfurcht und Respekt und mit Liebe, weil wir sehen, dass es schon alle Potentiale hat, dass alles drinsteckt, was es braucht, um seiner Bestimmung entgegenzuwachsen\u201c, so Freels-Thibaut.<\/p>\n<p>\u201eWenn wir mit den Kindern zur Quelle gehen, mit ihnen beten, die Feste des Glaubens feiern und gestalten, vor allem aber ihnen all die Geschichten erz\u00e4hlen von Menschen, die Hitze und D\u00fcrre, Sturm und K\u00e4lte ihres Lebens bestanden haben, weil sie auf Gott vertraut haben, dann wachsen den Kindern wie von selbst starke Wurzeln in diese Tiefe des Vertrauens, das tr\u00e4gt.\u201c Das evangelische Profil zeige sich im Vertrauen darauf, \u201edass ein Kind von selbst wachsen wird. Wir d\u00fcrfen sein \u201aSelbstwachsen\u2018 begleiten, sch\u00fctzen und f\u00f6rdern und uns an seinem Wachsen freuen \u2013 was ist das f\u00fcr ein sch\u00f6ner Beruf!\u201c, betonte Pfarrerin Freels-Thibaut.<\/p>\n<p>Oberkirchenrat Detlef Mucks-B\u00fcker w\u00fcrdigte im Gottesdienst das Wirken von Hilke Freels-Thibaut. Sie habe ma\u00dfgeblich dazu beigetragen, die Arbeit der Fachstelle Kindergartenarbeit auf theologischen Grund zu stellen. Ihr Engagement f\u00fcr die Qualit\u00e4tsentwicklung habe die evangelischen Kitas im Oldenburger Land als Orte der religi\u00f6sen Bildung im Alltag gest\u00e4rkt. Er dankte f\u00fcr ihren \u201eDienst in den Kitas, bei den Erzieher*innen, in den Kirchengemeinden, bei den Tr\u00e4gern, im Referat Bildung und nicht zuletzt in der oldenburgischen Kirche insgesamt\u201c.<\/p>\n<p>Dr. Carsten Schlepper, Vorsitzender der Bundesvereinigung ev. Tageseinrichtungen f\u00fcr Kinder e.V. (BETA), nahm in seinem Gru\u00dfwort die Bedeutung des besonderen Profils evangelischer Kindertagesst\u00e4tten auf. Daf\u00fcr setze sich die BETA auf Bundesebene ein. Er dankte Hilke Freels-Thibaut f\u00fcr ihre jahrelange Mitarbeit in der BETA und insbesondere f\u00fcr ihre Mitwirkung am Bundesrahmenhandbuch f\u00fcr die Qualit\u00e4tsentwicklung in ev. Kindertagesst\u00e4tten.&nbsp;<\/p>\n<p>Hilke Freels-Thibaut wurde 1957 in Oldenburg geboren. Nach ihrem Studium der Ev. Theologie in G\u00f6ttingen, Z\u00fcrich und T\u00fcbingen und ihrem Vikariat in Blexen wurde sie 1986 in Fedderwardergroden ordiniert. Seit 1996 war sie in der Fachstelle Kindergartenarbeit t\u00e4tig, zun\u00e4chst mit einer Beauftragung f\u00fcr die theologische Begleitung der religionsp\u00e4dagogischen Fortbildungen. Seit 2006 hatte sie zus\u00e4tzlich die Beauftragung f\u00fcr die Qualit\u00e4tsentwicklung in den ev. Kindertagesst\u00e4tten der oldenburgischen Kirche inne.&nbsp;<\/p>\n<p>Die Fachstelle Kindergartenarbeit der Ev.-Luth. Kirche in Oldenburg begleitet und unterst\u00fctzt die 132 evangelischen Kindertagest\u00e4tten im Gebiet der oldenburgischen Kirche von der Nordsee bis zu den Dammer Bergen mit ihren rund 1.600 Mitarbeitenden und \u00fcber 9.500 Kindern. Sie bietet Beratung, Fortbildung und Qualit\u00e4tsentwicklung und setzt sich in Gremien auf \u00f6rtlicher, Landes- und Bundesebene f\u00fcr die evangelischen Kindertagesst\u00e4tten, die Kinder und ihre Familien ein.&nbsp;<\/p>\n<p>Kirche-Oldenburg<br \/>\n<a href=\"https:\/\/www.kirche-oldenburg.de\/\/aktuell\/pressemitteilungen\/artikel\/pfarrerin-hilke-freels-thibaut-in-den-ruhestand-verabschiedet\" target=\"_blank\" rel=\"noopener\">Pfarrerin Hilke Freels-Thibaut in den Ruhestand verabschiedet<\/a><\/p>\n","protected":false},"excerpt":{"rendered":"<p>Im Rahmen eines Festgottesdienstes in der Oldenburger St.-Lamberti-Kirche ist am Montag, 9. Oktober, Pfarrerin Hilke Freels-Thibaut in den Ruhestand verabschiedet worden. Sie war mehr als 25 Jahre als Pastorin in der Fachstelle Kindergartenarbeit der Ev.-Luth. Kirche in Oldenburg t\u00e4tig.&nbsp; \u201eAlles muss klein beginnen\u201c \u2013 vom Samenkorn, das klein ist und erst wachsen muss und vom Baum, der seine Wurzeln zur Quelle hinstreckt und von dort seine Kraft zieht, so Hilke Freels-Thibaut in ihrer Predigt. Es sei f\u00fcr sie \u201espannend, begl\u00fcckend und sch\u00f6n\u201c gewesen, im Laufe ihres Berufslebens mitzuerleben, wie das evangelische Profil in den Kitas der Ev.-Luth. Kirche in Oldenburg&#8230;<\/p>\n","protected":false},"author":7,"featured_media":0,"comment_status":"false","ping_status":"open","sticky":false,"template":"","format":"standard","meta":{"footnotes":""},"categories":[43],"tags":[44],"class_list":["post-25319","post","type-post","status-publish","format-standard","hentry","category-kirche-oldenburg","tag-kirche-oldenburg"],"_links":{"self":[{"href":"https:\/\/christusnews.de\/site\/wp-json\/wp\/v2\/posts\/25319","targetHints":{"allow":["GET"]}}],"collection":[{"href":"https:\/\/christusnews.de\/site\/wp-json\/wp\/v2\/posts"}],"about":[{"href":"https:\/\/christusnews.de\/site\/wp-json\/wp\/v2\/types\/post"}],"author":[{"embeddable":true,"href":"https:\/\/christusnews.de\/site\/wp-json\/wp\/v2\/users\/7"}],"replies":[{"embeddable":true,"href":"https:\/\/christusnews.de\/site\/wp-json\/wp\/v2\/comments?post=25319"}],"version-history":[{"count":1,"href":"https:\/\/christusnews.de\/site\/wp-json\/wp\/v2\/posts\/25319\/revisions"}],"predecessor-version":[{"id":25320,"href":"https:\/\/christusnews.de\/site\/wp-json\/wp\/v2\/posts\/25319\/revisions\/25320"}],"wp:attachment":[{"href":"https:\/\/christusnews.de\/site\/wp-json\/wp\/v2\/media?parent=25319"}],"wp:term":[{"taxonomy":"category","embeddable":true,"href":"https:\/\/christusnews.de\/site\/wp-json\/wp\/v2\/categories?post=25319"},{"taxonomy":"post_tag","embeddable":true,"href":"https:\/\/christusnews.de\/site\/wp-json\/wp\/v2\/tags?post=25319"}],"curies":[{"name":"wp","href":"https:\/\/api.w.org\/{rel}","templated":true}]}}