{"id":25323,"date":"2023-10-10T13:58:00","date_gmt":"2023-10-10T11:58:00","guid":{"rendered":"https:\/\/christusnews.de\/site\/kuschnerus-ruft-zu-gebeten-fuer-den-frieden-in-israel-auf\/"},"modified":"2023-10-11T23:19:12","modified_gmt":"2023-10-11T21:19:12","slug":"kuschnerus-ruft-zu-gebeten-fuer-den-frieden-in-israel-auf","status":"publish","type":"post","link":"https:\/\/christusnews.de\/site\/kuschnerus-ruft-zu-gebeten-fuer-den-frieden-in-israel-auf\/","title":{"rendered":"Kuschnerus ruft zu Gebeten f\u00fcr den Frieden in Israel auf"},"content":{"rendered":"<p class=\"MsoPlainText\">Bremen (epd). Der leitende Theologe der Bremischen Evangelischen Kirche, Bernd Kuschnerus, hat die Kirchengemeinden zu Gebeten und F\u00fcrbitten f\u00fcr den Frieden in Israel aufgerufen. Der \u00abbrutale terroristische Angriff der Hamas und ihrer Verb\u00fcndeter auf Israel\u00bb bedeute eine weitere Eskalation der Gewalt im Nahen Osten, hie\u00df es in dem am Dienstag ver\u00f6ffentlichten Appell.<\/p>\n<p class=\"MsoPlainText\">&nbsp;<\/p>\n<p class=\"MsoPlainText\">Die \u00dcberf\u00e4lle auf Nachbarl\u00e4nder und die Destabilisierung der Welt h\u00e4tten in den vergangenen Tagen und Wochen zugenommen, von Odessa \u00fcber Bergkarabach bis Tel Aviv. Menschen w\u00fcrden gefoltert, verschleppt und get\u00f6tet. Unschuldige Zivilisten litten und viele Menschen f\u00fcrchteten um ihre Angeh\u00f6rigen und Freunde. \u00abMutige Friedensbem\u00fchungen werden durch solche Gewalttaten immer wieder zunichtegemacht. Dies zu bejubeln und anzufeuern, ist menschenverachtend\u00bb, unterstrich Kuschnerus. Er appellierte an die Pastorinnen und Pastoren, die Kirchen in diesen Tagen zu Orten zu machen, an denen Menschen ihrem Entsetzen und ihrer Ratlosigkeit Ausdruck verleihen und beten k\u00f6nnen.<\/p>\n<p>Kirche-Oldenburg<br \/>\n<a href=\"https:\/\/www.kirche-oldenburg.de\/\/aktuell\/news-niedersachsen\/artikel\/kuschnerus-ruft-zu-gebeten-fuer-den-frieden-in-israel-auf\" target=\"_blank\" rel=\"noopener\">Kuschnerus ruft zu Gebeten f\u00fcr den Frieden in Israel auf<\/a><\/p>\n","protected":false},"excerpt":{"rendered":"<p>Bremen (epd). Der leitende Theologe der Bremischen Evangelischen Kirche, Bernd Kuschnerus, hat die Kirchengemeinden zu Gebeten und F\u00fcrbitten f\u00fcr den Frieden in Israel aufgerufen. Der \u00abbrutale terroristische Angriff der Hamas und ihrer Verb\u00fcndeter auf Israel\u00bb bedeute eine weitere Eskalation der Gewalt im Nahen Osten, hie\u00df es in dem am Dienstag ver\u00f6ffentlichten Appell. &nbsp; Die \u00dcberf\u00e4lle auf Nachbarl\u00e4nder und die Destabilisierung der Welt h\u00e4tten in den vergangenen Tagen und Wochen zugenommen, von Odessa \u00fcber Bergkarabach bis Tel Aviv. Menschen w\u00fcrden gefoltert, verschleppt und get\u00f6tet. Unschuldige Zivilisten litten und viele Menschen f\u00fcrchteten um ihre Angeh\u00f6rigen und Freunde. \u00abMutige Friedensbem\u00fchungen werden durch solche&#8230;<\/p>\n","protected":false},"author":7,"featured_media":0,"comment_status":"false","ping_status":"open","sticky":false,"template":"","format":"standard","meta":{"footnotes":""},"categories":[43],"tags":[44],"class_list":["post-25323","post","type-post","status-publish","format-standard","hentry","category-kirche-oldenburg","tag-kirche-oldenburg"],"_links":{"self":[{"href":"https:\/\/christusnews.de\/site\/wp-json\/wp\/v2\/posts\/25323","targetHints":{"allow":["GET"]}}],"collection":[{"href":"https:\/\/christusnews.de\/site\/wp-json\/wp\/v2\/posts"}],"about":[{"href":"https:\/\/christusnews.de\/site\/wp-json\/wp\/v2\/types\/post"}],"author":[{"embeddable":true,"href":"https:\/\/christusnews.de\/site\/wp-json\/wp\/v2\/users\/7"}],"replies":[{"embeddable":true,"href":"https:\/\/christusnews.de\/site\/wp-json\/wp\/v2\/comments?post=25323"}],"version-history":[{"count":1,"href":"https:\/\/christusnews.de\/site\/wp-json\/wp\/v2\/posts\/25323\/revisions"}],"predecessor-version":[{"id":25324,"href":"https:\/\/christusnews.de\/site\/wp-json\/wp\/v2\/posts\/25323\/revisions\/25324"}],"wp:attachment":[{"href":"https:\/\/christusnews.de\/site\/wp-json\/wp\/v2\/media?parent=25323"}],"wp:term":[{"taxonomy":"category","embeddable":true,"href":"https:\/\/christusnews.de\/site\/wp-json\/wp\/v2\/categories?post=25323"},{"taxonomy":"post_tag","embeddable":true,"href":"https:\/\/christusnews.de\/site\/wp-json\/wp\/v2\/tags?post=25323"}],"curies":[{"name":"wp","href":"https:\/\/api.w.org\/{rel}","templated":true}]}}