{"id":25327,"date":"2023-10-11T12:04:00","date_gmt":"2023-10-11T10:04:00","guid":{"rendered":"https:\/\/christusnews.de\/site\/seelsorgerinnen-und-seelsorger-oeffnen-ansprechbar\/"},"modified":"2023-10-12T23:19:32","modified_gmt":"2023-10-12T21:19:32","slug":"seelsorgerinnen-und-seelsorger-oeffnen-ansprechbar","status":"publish","type":"post","link":"https:\/\/christusnews.de\/site\/seelsorgerinnen-und-seelsorger-oeffnen-ansprechbar\/","title":{"rendered":"Seelsorgerinnen und Seelsorger \u00f6ffnen \u00abAnsprech:bar\u00bb"},"content":{"rendered":"<p class=\"MsoPlainText\">L\u00fcneburg (epd). Mit einem neuen Projekt wollen evangelische Seelsorgerinnen und Seelsorger aus L\u00fcneburg Gespr\u00e4chsangebote an \u00f6ffentlichen Pl\u00e4tzen machen. \u00abVielen Menschen fehlt jemand, der ihnen zuh\u00f6rt und ein offenes Ohr hat f\u00fcr das, was sie bewegt oder bedr\u00fcckt\u00bb, erkl\u00e4rten die Initiatorinnen und Initiatoren des am Mittwoch vorgestellten Projektes \u00abAnsprech:bar\u00bb, das in der kommenden Woche beginnt. \u00abSich auf den Weg zu machen und aktiv um ein Gespr\u00e4ch zu bitten, ist oft eine gro\u00dfe H\u00fcrde\u00bb, hie\u00df es.<\/p>\n<p class=\"MsoPlainText\">&nbsp;<\/p>\n<p class=\"MsoPlainText\">Die Seelsorgerinnen und Seelsorger aus der Stadt und dem Landkreis L\u00fcneburg wollen deshalb ihre \u00abAnsprech:bar\u00bb an Orten wie dem Bahnhofsvorplatz oder im Kurpark aufbauen. Mit einer blauen Bankauflage, Getr\u00e4nken und Wortimpulse laden Pastorinnen und Pastoren sowie Diakoninnen zum Gespr\u00e4ch ein. Die \u00abAnsprech:bar\u00bb \u00f6ffnet zun\u00e4chst am 19. Oktober am Bahnhof, am 20. Oktober im Kurpark und am 24. Oktober in der St.-Stephanus-Passage, jeweils von 15 bis 17 Uhr.<\/p>\n<p>Kirche-Oldenburg<br \/>\n<a href=\"https:\/\/www.kirche-oldenburg.de\/\/aktuell\/news-niedersachsen\/artikel\/seelsorgerinnen-und-seelsorger-oeffnen-ansprechbar\" target=\"_blank\" rel=\"noopener\">Seelsorgerinnen und Seelsorger \u00f6ffnen \u00abAnsprech:bar\u00bb<\/a><\/p>\n","protected":false},"excerpt":{"rendered":"<p>L\u00fcneburg (epd). Mit einem neuen Projekt wollen evangelische Seelsorgerinnen und Seelsorger aus L\u00fcneburg Gespr\u00e4chsangebote an \u00f6ffentlichen Pl\u00e4tzen machen. \u00abVielen Menschen fehlt jemand, der ihnen zuh\u00f6rt und ein offenes Ohr hat f\u00fcr das, was sie bewegt oder bedr\u00fcckt\u00bb, erkl\u00e4rten die Initiatorinnen und Initiatoren des am Mittwoch vorgestellten Projektes \u00abAnsprech:bar\u00bb, das in der kommenden Woche beginnt. \u00abSich auf den Weg zu machen und aktiv um ein Gespr\u00e4ch zu bitten, ist oft eine gro\u00dfe H\u00fcrde\u00bb, hie\u00df es. &nbsp; Die Seelsorgerinnen und Seelsorger aus der Stadt und dem Landkreis L\u00fcneburg wollen deshalb ihre \u00abAnsprech:bar\u00bb an Orten wie dem Bahnhofsvorplatz oder im Kurpark aufbauen. Mit&#8230;<\/p>\n","protected":false},"author":7,"featured_media":0,"comment_status":"false","ping_status":"open","sticky":false,"template":"","format":"standard","meta":{"footnotes":""},"categories":[43],"tags":[44],"class_list":["post-25327","post","type-post","status-publish","format-standard","hentry","category-kirche-oldenburg","tag-kirche-oldenburg"],"_links":{"self":[{"href":"https:\/\/christusnews.de\/site\/wp-json\/wp\/v2\/posts\/25327","targetHints":{"allow":["GET"]}}],"collection":[{"href":"https:\/\/christusnews.de\/site\/wp-json\/wp\/v2\/posts"}],"about":[{"href":"https:\/\/christusnews.de\/site\/wp-json\/wp\/v2\/types\/post"}],"author":[{"embeddable":true,"href":"https:\/\/christusnews.de\/site\/wp-json\/wp\/v2\/users\/7"}],"replies":[{"embeddable":true,"href":"https:\/\/christusnews.de\/site\/wp-json\/wp\/v2\/comments?post=25327"}],"version-history":[{"count":1,"href":"https:\/\/christusnews.de\/site\/wp-json\/wp\/v2\/posts\/25327\/revisions"}],"predecessor-version":[{"id":25328,"href":"https:\/\/christusnews.de\/site\/wp-json\/wp\/v2\/posts\/25327\/revisions\/25328"}],"wp:attachment":[{"href":"https:\/\/christusnews.de\/site\/wp-json\/wp\/v2\/media?parent=25327"}],"wp:term":[{"taxonomy":"category","embeddable":true,"href":"https:\/\/christusnews.de\/site\/wp-json\/wp\/v2\/categories?post=25327"},{"taxonomy":"post_tag","embeddable":true,"href":"https:\/\/christusnews.de\/site\/wp-json\/wp\/v2\/tags?post=25327"}],"curies":[{"name":"wp","href":"https:\/\/api.w.org\/{rel}","templated":true}]}}