{"id":25480,"date":"2023-11-01T09:00:00","date_gmt":"2023-11-01T08:00:00","guid":{"rendered":"https:\/\/christusnews.de\/site\/?p=25480"},"modified":"2023-10-30T16:20:09","modified_gmt":"2023-10-30T15:20:09","slug":"ich-bin-bei-dir","status":"publish","type":"post","link":"https:\/\/christusnews.de\/site\/ich-bin-bei-dir\/","title":{"rendered":"Ich bin bei Dir\u00a0"},"content":{"rendered":"\n<p>Merkw\u00fcrdige Bl\u00e4tter trugen die B\u00e4ume auf dem Heppenser Friedhof im letzten Jahr. Beschriftetes Laub hing an den B\u00e4umen.&nbsp;&nbsp;\u201eDu bist fort und doch so nah\u201c stand auf ihnen geschrieben. Oder \u201eich bin bei dir\u201c.&nbsp;<\/p>\n\n\n\n<p>S\u00e4tze und Fragen tauchten auf den fallenden Laubbl\u00e4ttern auf.&nbsp;<\/p>\n\n\n\n<p>Das brachte viele Friedhofsbesucher zum Nachdenken.<\/p>\n\n\n\n<p>Es war eine Kunstaktion von Silvia Zahn-Claus, die trauernde Kinder im \u201eTrauerhaven\u201c begleitet.&nbsp;<\/p>\n\n\n\n<p>\u201eIch bin bei dir\u201c stand auf einem Blatt.&nbsp;<\/p>\n\n\n\n<p>Wer am Grab steht, f\u00fchlt sich oft verbunden auch \u00fcber den Tod hinaus. Rede ruhig mit deinen Verstorben. Das darf sein.&nbsp;<\/p>\n\n\n\n<p>\u201eIch bin bei Dir\u201c \u2013 wie gut, wenn Menschen uns aushalten, so wie wir in unserer Traurigkeit gerade sind.&nbsp;<\/p>\n\n\n\n<p>\u201eIch bin bei Dir\u201c \u2013sagt Gott im Leben und im Sterben.&nbsp;<\/p>\n\n\n\n<p>Jetzt kommt ein neuer Herbst.&nbsp;<\/p>\n\n\n\n<p>Die Bl\u00e4tter fallen, wie von weit, als welkten in den Himmeln ferne G\u00e4rten.&nbsp;<\/p>\n\n\n\n<p>Die Bl\u00e4tter werden in diesem Herbst keine Schrift zeigen. Ihr Fallen ist Botschaft genug.&nbsp;<\/p>\n\n\n\n<p>\u201eund doch ist Einer, welcher dieses Fallen unendlich sanft in seinen H\u00e4nden h\u00e4lt.\u201c&nbsp;<\/p>\n\n\n\n<p><\/p>\n\n\n\n<blockquote class=\"wp-block-quote is-layout-flow wp-block-quote-is-layout-flow\">\n<p id=\"block-e1fb04d9-c3be-42c8-a2c8-f0fda48bf077\"><strong>Rainer Claus<\/strong><\/p>\n\n\n\n<p id=\"block-4856caf7-8571-49e2-9264-db73626b066a\">H<em>\u00f6ren Sie diesen Beitrag bei Radio Jade:<\/em><br><a rel=\"noreferrer noopener\" href=\"http:\/\/www.radio-jade.de\/mediathek\/angedacht\/\" target=\"_blank\"><em>Alle Beitr\u00e4ge im \u00dcberblick | RADIO JADE<\/em><\/a><\/p>\n<\/blockquote>\n","protected":false},"excerpt":{"rendered":"<p>Merkw\u00fcrdige Bl\u00e4tter trugen die B\u00e4ume auf dem Heppenser Friedhof im letzten Jahr. Beschriftetes Laub hing an den B\u00e4umen.&nbsp;&nbsp;\u201eDu bist fort und doch so nah\u201c stand auf ihnen geschrieben. Oder \u201eich bin bei dir\u201c.&nbsp; S\u00e4tze und Fragen tauchten auf den fallenden Laubbl\u00e4ttern auf.&nbsp; Das brachte viele Friedhofsbesucher zum Nachdenken. Es war eine Kunstaktion von Silvia Zahn-Claus, die trauernde Kinder im \u201eTrauerhaven\u201c begleitet.&nbsp; \u201eIch bin bei dir\u201c stand auf einem Blatt.&nbsp; Wer am Grab steht, f\u00fchlt sich oft verbunden auch \u00fcber den Tod hinaus. Rede ruhig mit deinen Verstorben. Das darf sein.&nbsp; \u201eIch bin bei Dir\u201c \u2013 wie gut, wenn Menschen uns&#8230;<\/p>\n","protected":false},"author":6,"featured_media":1171,"comment_status":"closed","ping_status":"open","sticky":false,"template":"","format":"standard","meta":{"footnotes":""},"categories":[5],"tags":[],"class_list":["post-25480","post","type-post","status-publish","format-standard","has-post-thumbnail","hentry","category-angedacht"],"_links":{"self":[{"href":"https:\/\/christusnews.de\/site\/wp-json\/wp\/v2\/posts\/25480","targetHints":{"allow":["GET"]}}],"collection":[{"href":"https:\/\/christusnews.de\/site\/wp-json\/wp\/v2\/posts"}],"about":[{"href":"https:\/\/christusnews.de\/site\/wp-json\/wp\/v2\/types\/post"}],"author":[{"embeddable":true,"href":"https:\/\/christusnews.de\/site\/wp-json\/wp\/v2\/users\/6"}],"replies":[{"embeddable":true,"href":"https:\/\/christusnews.de\/site\/wp-json\/wp\/v2\/comments?post=25480"}],"version-history":[{"count":1,"href":"https:\/\/christusnews.de\/site\/wp-json\/wp\/v2\/posts\/25480\/revisions"}],"predecessor-version":[{"id":25481,"href":"https:\/\/christusnews.de\/site\/wp-json\/wp\/v2\/posts\/25480\/revisions\/25481"}],"wp:featuredmedia":[{"embeddable":true,"href":"https:\/\/christusnews.de\/site\/wp-json\/wp\/v2\/media\/1171"}],"wp:attachment":[{"href":"https:\/\/christusnews.de\/site\/wp-json\/wp\/v2\/media?parent=25480"}],"wp:term":[{"taxonomy":"category","embeddable":true,"href":"https:\/\/christusnews.de\/site\/wp-json\/wp\/v2\/categories?post=25480"},{"taxonomy":"post_tag","embeddable":true,"href":"https:\/\/christusnews.de\/site\/wp-json\/wp\/v2\/tags?post=25480"}],"curies":[{"name":"wp","href":"https:\/\/api.w.org\/{rel}","templated":true}]}}