{"id":25493,"date":"2023-10-31T23:42:00","date_gmt":"2023-10-31T22:42:00","guid":{"rendered":"https:\/\/christusnews.de\/site\/festveranstaltung-zum-reformationstag-mit-mut-und-offenen-augen\/"},"modified":"2023-11-01T10:18:08","modified_gmt":"2023-11-01T09:18:08","slug":"festveranstaltung-zum-reformationstag-mit-mut-und-offenen-augen","status":"publish","type":"post","link":"https:\/\/christusnews.de\/site\/festveranstaltung-zum-reformationstag-mit-mut-und-offenen-augen\/","title":{"rendered":"Festveranstaltung zum Reformationstag: \u201eMit Mut und offenen Augen!\u201c"},"content":{"rendered":"<p>Mit einer \u00f6kumenischen Festveranstaltung mit Podium und Andacht haben die christlichen Kirchen im Oldenburger Land den diesj\u00e4hrigen Reformationstag am Dienstag, 31. Oktober, in der Martin-Luther-Kirche in Nordenham gefeiert. Er freue sich, so der Oldenburger Bischof Thomas Adomeit in seiner Begr\u00fc\u00dfung, dass der Reformationstag im Oldenburger Land seit 2018 zum sechsten Mal \u00f6kumenisch begangen werde. Dies empfinde er als \u201ezukunftsweisend\u201c.<\/p>\n<p>Weihbischof Wilfried Theising, Bisch\u00f6flicher Offizial f\u00fcr die katholische Kirche im Oldenburger Land, mahnte in seiner Predigt in der Martin-Luther-Kirche aktive christliche N\u00e4chstenliebe an. Wer Jesus Christus nachfolge, k\u00f6nne an der Not der Menschen von heute nicht achtlos vor\u00fcbergehen. \u201eJesus Christus hat sich immer von der Not der Menschen ber\u00fchren lassen und geholfen. Das ist unser Verm\u00e4chtnis und unser Auftrag jeden Tag.\u201c Theising erinnerte auch daran, dass das 1966 begr\u00fcndete Oldenburger \u00d6kumenische Gespr\u00e4ch der \u00e4lteste \u00f6kumenische Arbeitskreis auf Kirchenleitungsebene in der Bundesrepublik sei.<\/p>\n<p>Bischof Adomeit betonte, die Reformation habe die Menschen und die Welt ver\u00e4ndert. Noch heute ver\u00e4ndere die Reformation die Gemeinden und die Kirchen, deshalb stehe die Feier des Reformationstages der evangelischen Kirchen in Niedersachsen seit 2018 unter dem gemeinsamen Motto: \u201eReformation neu feiern\u201c. \u201eAuf dem Weg der EINEN Kirche Jesu Christi, war die Reformation ein gro\u00dfer Stolperstein. Brachte sie doch das Gef\u00fcge des 16. Jahrhunderts durcheinander\u201c, so Adomeit. Heute k\u00f6nnten Schwestern und Br\u00fcder evangelischer, freikirchlich-baptistischer, katholischer und neuapostolischer Pr\u00e4gung miteinander den Reformationstag im Oldenburger Land bedenken \u2013 \u201eund im R\u00fcckblick k\u00f6nnen wir vermutlich und hoffentlich davon sprechen, dass die Reformation nicht nur Stolperstein, sondern auch Meilenstein war.\u201c<\/p>\n<p>Mit dem Erbe der Reformation st\u00fcnden die christlichen Kirchen zusammen: \u201eWir feiern unsere Rechte und Werte. Wir bedenken, wo sie in Gefahr sind. Wir ermutigen uns, f\u00fcr Freiheit, Menschenw\u00fcrde und Toleranz einzutreten. Und dazu: Die Neue Reformation ist gepr\u00e4gt vom Willen, dass die Menschen auch in Zukunft Gottes Wort h\u00f6ren und bewahren. Vom \u00d6ffnen der Hoffnungsr\u00e4ume f\u00fcr uns Menschen.\u201c<\/p>\n<p>Die Festveranstaltung in Nordenham stand unter dem Motto \u201eMit Mut und offenen Augen!\u201c. Angesichts der massiv zunehmenden Verunsicherung durch Corona-Pandemie, den russischen Angriffskrieg gegen die Ukraine, die Energiekrise, die Auseinandersetzungen um die richtige Geschwindigkeit beim Einsatz gegen den Klimawandel, die enormen Preissteigerungen und die brutalen Angriffe radikalislamischer Terroristen in Israel standen in Nordenham ermutigende Momente, Entwicklungen und Projekte aus der Region im Mittelpunkt.<\/p>\n<p><strong>Podiumsgespr\u00e4ch zu sozialen Brennpunkten in Nordenham<\/strong><br \/>\nIn einem von dem Journalisten Norbert Hartfil moderierten Podiumsgespr\u00e4ch ging es um soziale Brennpunkte in Nordenham und M\u00f6glichkeiten, Unterst\u00fctzung zu leisten. So kamen kreative Initiativen und Projekte in der Wesermarsch zu Wort, die sich mutig dem vermeintlichen Negativtrend entgegenstellen. Eine Einf\u00fchrung in das Thema gaben Pfarrerin Heike Boelmann-Derra von der Ev.-luth. Kirchengemeinde Nordenham und Matthias B\u00fchnemann, Gemeindevorsteher der Neuapostolischen Kirche in Nordenham. Boelmann-Derra betonte, dass es einen frischen Wund brauche, dass Menschen mutig die bestehenden Probleme in den Blick n\u00e4hmen. B\u00fchnemann sagte, dass Mut und offene Augen n\u00f6tig seien, anderen Menschen zu helfen oder auch selbst Hilfe anzunehmen.<\/p>\n<p>Susanne Freels stellte auf dem Podium die Arbeit des Frauen- und Kinderschutzhauses f\u00fcr die Landkreise Wesermarsch und Ammerland vor. Das Frauen- und Kinderschutzhaus bietet laut Freels Platz f\u00fcr insgesamt zw\u00f6lf Frauen und bis zu 21 Kinder. Es sei wichtig, so Freels, \u201ein der heutigen Zeit mit offenen Augen durch das Leben zu gehen und nicht wegsehen. Mut zu haben, Menschen, den es aus unterschiedlichen Gr\u00fcnden nicht gut geht, Hilfe und Schutz anzubieten.\u201c&nbsp;<\/p>\n<p>Kirsten Malle von der Hospizhilfe Nordenham und umzu e.V. betonte, \u201eSterbebegleitung hei\u00dft Lebensbegleitung.\u201c Wer sich mit dem Sterben besch\u00e4ftige, besch\u00e4ftige sich auch mit dem Leben. \u201eMutig hinschauen, da sein, da bleiben, miteinander aushalten mit dem Ziel eines w\u00fcrdevollen Lebens bis zuletzt, das geht nur zusammen\u201c, so Malle. Die Hospizhilfe Nordenham feiere in diesem Jahr ihr 25-j\u00e4hriges Bestehen und sie fu\u00dfe auf dem Respekt vor der W\u00fcrde und Selbstbestimmung des schwer kranken und sterbenden Menschen. Sie nehme sein Anliegen ernst und behalte eine ganzheitliche Sicht im Sterbeprozess bei. \u201eWir lassen nicht allein, wir sind da. Dies bezieht sich auch auf die Zugeh\u00f6rigen und auf Trauernde\u201c, sagte Malle. Hierzu geh\u00f6re, wertfrei auf Sterbende und ihre Zugeh\u00f6rigen zuzugehen und den ganzen Menschen wahr- und anzunehmen.<\/p>\n<p>Pfarrer Karl Jasbinschek von der kath. Kirchengemeinde St. Willehad in Nordenham berichtete von der Mut machenden Arbeit der Nordenhamer Tafel. Die Tafel Nordenham sei 2003 gegr\u00fcndet worden und habe vier Ausgabestellen: Brake, Burhave, Rodenkirchen und Nordenham und versorge mittlerweile 850 Haushalte. Die Tafel erhalte auch gro\u00dfe Unterst\u00fctzung aus der Bev\u00f6lkerung. So finde die Idee gro\u00dfen Anklang, statt pers\u00f6nlicher Geschenke zu Geburtstagen, Jubil\u00e4en, besonderen Anl\u00e4ssen, aber auch Beerdigungen die Tafel mit einer Spende zu bedenken. Herausforderungen seien jedoch geringere Lebensmittelspenden von Gesch\u00e4ften und Superm\u00e4rkten, die ihre Warenbestellungen im sorgf\u00e4ltiger planen w\u00fcrden, und die gro\u00dfe Anzahl Gefl\u00fcchteter aus der Ukraine, so Jasbinschek.<\/p>\n<p>Franz-Josef Franke, Referent bei der Diakonie im Oldenburger Land, stellte die Schuldnerberatung des Kreisdiakonischen Werkes in der Wesermarsch vor. Es sei deutlich wahrzunehmen, dass bedingt durch den massiven Anstieg der Lebenskosten in den letzten Jahren auch die Zahl der Menschen, die in Not gerieten, deutlich zugenommen habe. Insbesondere die Zahl der Beratungen zur Haushaltzahlung sei deutlich angestiegen. Es brauche oft gro\u00dfen Mut, dass Menschen sich trauten, um Hilfe zu fragen.<\/p>\n<p>An der \u00f6kumenischen Andacht mit Bischof Thomas Adomeit und Weihbischof Wilfried Theising im Anschluss an das Podiumsgespr\u00e4ch wirkten auch Vertreter und Vertreterinnen der baptistischen, der evangelisch-lutherischen, der katholischen und der neuapostolischen Gemeinden mit. Die musikalische Gestaltung der Andacht \u00fcbernahmen Svetlana Wei\u00df, Orgel und Chorleiterin des Chores \u201eMagnificat\u201c, und der Posaunenchor unter Leitung von Deerk L\u00fcbken.<\/p>\n<p><strong>Weitere Informationen zum Reformationstag 2023 finden Sie unter: <a href=\"https:\/\/www.reformation-neu-feiern.de\/\">https:\/\/www.reformation-neu-feiern.de\/<\/a>&nbsp;&nbsp;<\/strong><br \/>\n&nbsp;<\/p>\n<p>Kirche-Oldenburg<br \/>\n<a href=\"https:\/\/www.kirche-oldenburg.de\/\/aktuell\/pressemitteilungen\/artikel\/festveranstaltung-zum-reformationstag-mit-mut-und-offenen-augen\" target=\"_blank\" rel=\"noopener\">Festveranstaltung zum Reformationstag: \u201eMit Mut und offenen Augen!\u201c<\/a><\/p>\n","protected":false},"excerpt":{"rendered":"<p>Mit einer \u00f6kumenischen Festveranstaltung mit Podium und Andacht haben die christlichen Kirchen im Oldenburger Land den diesj\u00e4hrigen Reformationstag am Dienstag, 31. Oktober, in der Martin-Luther-Kirche in Nordenham gefeiert. Er freue sich, so der Oldenburger Bischof Thomas Adomeit in seiner Begr\u00fc\u00dfung, dass der Reformationstag im Oldenburger Land seit 2018 zum sechsten Mal \u00f6kumenisch begangen werde. Dies empfinde er als \u201ezukunftsweisend\u201c. Weihbischof Wilfried Theising, Bisch\u00f6flicher Offizial f\u00fcr die katholische Kirche im Oldenburger Land, mahnte in seiner Predigt in der Martin-Luther-Kirche aktive christliche N\u00e4chstenliebe an. Wer Jesus Christus nachfolge, k\u00f6nne an der Not der Menschen von heute nicht achtlos vor\u00fcbergehen. \u201eJesus Christus hat&#8230;<\/p>\n","protected":false},"author":7,"featured_media":0,"comment_status":"false","ping_status":"open","sticky":false,"template":"","format":"standard","meta":{"footnotes":""},"categories":[43],"tags":[44],"class_list":["post-25493","post","type-post","status-publish","format-standard","hentry","category-kirche-oldenburg","tag-kirche-oldenburg"],"_links":{"self":[{"href":"https:\/\/christusnews.de\/site\/wp-json\/wp\/v2\/posts\/25493","targetHints":{"allow":["GET"]}}],"collection":[{"href":"https:\/\/christusnews.de\/site\/wp-json\/wp\/v2\/posts"}],"about":[{"href":"https:\/\/christusnews.de\/site\/wp-json\/wp\/v2\/types\/post"}],"author":[{"embeddable":true,"href":"https:\/\/christusnews.de\/site\/wp-json\/wp\/v2\/users\/7"}],"replies":[{"embeddable":true,"href":"https:\/\/christusnews.de\/site\/wp-json\/wp\/v2\/comments?post=25493"}],"version-history":[{"count":1,"href":"https:\/\/christusnews.de\/site\/wp-json\/wp\/v2\/posts\/25493\/revisions"}],"predecessor-version":[{"id":25494,"href":"https:\/\/christusnews.de\/site\/wp-json\/wp\/v2\/posts\/25493\/revisions\/25494"}],"wp:attachment":[{"href":"https:\/\/christusnews.de\/site\/wp-json\/wp\/v2\/media?parent=25493"}],"wp:term":[{"taxonomy":"category","embeddable":true,"href":"https:\/\/christusnews.de\/site\/wp-json\/wp\/v2\/categories?post=25493"},{"taxonomy":"post_tag","embeddable":true,"href":"https:\/\/christusnews.de\/site\/wp-json\/wp\/v2\/tags?post=25493"}],"curies":[{"name":"wp","href":"https:\/\/api.w.org\/{rel}","templated":true}]}}