{"id":25499,"date":"2023-10-31T11:45:00","date_gmt":"2023-10-31T10:45:00","guid":{"rendered":"https:\/\/christusnews.de\/site\/oldenburger-bischof-adomeit-schliesst-kirchenfusion-nicht-aus-landeskirchen-betonen-zusammenarbeit-in-der-konfoederation\/"},"modified":"2023-11-01T22:17:43","modified_gmt":"2023-11-01T21:17:43","slug":"oldenburger-bischof-adomeit-schliesst-kirchenfusion-nicht-aus-landeskirchen-betonen-zusammenarbeit-in-der-konfoederation","status":"publish","type":"post","link":"https:\/\/christusnews.de\/site\/oldenburger-bischof-adomeit-schliesst-kirchenfusion-nicht-aus-landeskirchen-betonen-zusammenarbeit-in-der-konfoederation\/","title":{"rendered":"Oldenburger Bischof Adomeit schlie\u00dft Kirchenfusion nicht aus &#8211; Landeskirchen betonen Zusammenarbeit in der Konf\u00f6deration"},"content":{"rendered":"<p>Immer wieder flammt in Niedersachsen und auch in Bremen die Frage nach landeskirchlichen Fusionen auf, die \u00fcber Kooperationen deutlich hinausgehen. Hintergrund sind stark sinkende Mitgliederzahlen und die abnehmende Finanzkraft der Kirchen.<\/p>\n<p>\nBremen\/Oldenburg (epd). In der Evangelisch-Lutherischen Kirche in Oldenburg gibt es nach den Worten ihres Bischofs Thomas Adomeit \u00abkeine Denk- und Redeverbote, was unsere Zukunft angeht\u00bb. \u00abSollte es in f\u00fcnf oder sechs Jahren keinen Sinn mehr machen, hier als eigenst\u00e4ndige Landeskirche t\u00e4tig zu sein, und Niedersachsen unsere Bezugsebene werden, werde ich einer Fusion nicht entgegenstehen\u00bb, sagte Adomeit dem Bremer \u00abWeser-Kurier\u00bb (Montag). \u00dcberlegungen \u00fcber Kooperationen hinaus gebe es derzeit nicht, hie\u00df es aus anderen Landeskirchen.<\/p>\n<p>\nWichtig sei die Frage, in welcher Struktur das Evangelium angesichts sinkender Mitgliederzahlen und einer abnehmenden Finanzkraft am besten zu den Menschen gebracht werden k\u00f6nne, f\u00fchrte Adomeit aus, der auch Ratsvorsitzender der Konf\u00f6deration evangelischer Kirchen in Niedersachsen ist. Das m\u00fcsse immer \u00fcber allem stehen: \u00abEs geht nicht darum, eine Struktur, die nicht mehr funktioniert, um der Struktur willen zu erhalten.\u00bb Bezogen auf das Jahr 2019 k\u00f6nnten sich laut einer Studie der Universit\u00e4t Freiburg die Zahl der Kirchenmitglieder und die Finanzkraft der Kirchen bundesweit bis 2060 halbieren.<\/p>\n<p>\nAus der Pressestelle der Konf\u00f6deration hie\u00df es auf Anfrage des Evangelischen Pressedienstes (epd), konkrete Planungen, die \u00fcber die bestehenden Kooperationen innerhalb der Konf\u00f6deration hinaus gingen, \u00abgibt es zu einer Fusion gegenw\u00e4rtig nicht\u00bb. Der Konf\u00f6derationsvertrag sei vielmehr gerade in der Verl\u00e4ngerung.<\/p>\n<p>\nDer Sprecher der Landeskirche Schaumburg-Lippe, Ulrich Hinz, sagte: \u00abDer Konf\u00f6derationsvertrag sieht vor, dass man weiter das Zusammenwachsen der Kirchen im Blick behalten will. Er ist weiter in Geltung. Aktuell sehen wir keine Veranlassung, unsererseits an dieser Stelle aktiv zu werden.\u00bb<\/p>\n<p>\nDie Sprecherin der Bremischen Evangelischen Kirche, Sabine Hatscher, sagte auf epd-Anfrage, Bischof Adomeit spreche von einer Zukunft, \u00ab\u00fcber die wir heute noch kaum etwas wissen\u00bb. Dar\u00fcber wolle sie nicht spekulieren. \u00abWir arbeiten mit dem Umland und den Nachbarkirchen gut zusammen.\u00bb<\/p>\n<p>\nAuch Adomeit verdeutlichte im Gespr\u00e4ch mit dem \u00abWeser-Kurier\u00bb, die Oldenburger kooperierten an vielen Stellen mit den nieders\u00e4chsischen Kirchen. \u00abUnd im Moment sieht es noch so aus, dass das Oldenburger Land die Ebene ist, auf der wir erfolgreich arbeiten k\u00f6nnen.\u00bb Auch mit der Bremischen Evangelischen Kirche werde an vielen Stellen zusammengearbeitet. Das reiche vom Kirchentag und der evangelischen Publizistik bis zur Norddeutschen Mission. Die bremische Kirche \u00abist uns eine wichtige Partnerin und wird das auch in Zukunft sein\u00bb.<\/p>\n<p>\nZur Konf\u00f6deration evangelischer Kirchen in Niedersachsen geh\u00f6ren die vier evangelisch-lutherischen Landeskirchen Braunschweig, Hannover, Oldenburg und Schaumburg-Lippe sowie die Evangelisch-reformierte Kirche mit Sitz in Leer. Sie vertreten in der Konf\u00f6deration zusammen ihre Interessen gegen\u00fcber dem Land Niedersachsen und nehmen Gemeinschaftsaufgaben wahr.<\/p>\n<p>Kirche-Oldenburg<br \/>\n<a href=\"https:\/\/www.kirche-oldenburg.de\/\/aktuell\/news-niedersachsen\/artikel\/oldenburger-bischof-adomeit-schliesst-kirchenfusion-nicht-aus-landeskirchen-betonen-zusammenarbeit-in-der-konfoederation\" target=\"_blank\" rel=\"noopener\">Oldenburger Bischof Adomeit schlie\u00dft Kirchenfusion nicht aus &#8211; Landeskirchen betonen Zusammenarbeit in der Konf\u00f6deration<\/a><\/p>\n","protected":false},"excerpt":{"rendered":"<p>Immer wieder flammt in Niedersachsen und auch in Bremen die Frage nach landeskirchlichen Fusionen auf, die \u00fcber Kooperationen deutlich hinausgehen. Hintergrund sind stark sinkende Mitgliederzahlen und die abnehmende Finanzkraft der Kirchen. Bremen\/Oldenburg (epd). In der Evangelisch-Lutherischen Kirche in Oldenburg gibt es nach den Worten ihres Bischofs Thomas Adomeit \u00abkeine Denk- und Redeverbote, was unsere Zukunft angeht\u00bb. \u00abSollte es in f\u00fcnf oder sechs Jahren keinen Sinn mehr machen, hier als eigenst\u00e4ndige Landeskirche t\u00e4tig zu sein, und Niedersachsen unsere Bezugsebene werden, werde ich einer Fusion nicht entgegenstehen\u00bb, sagte Adomeit dem Bremer \u00abWeser-Kurier\u00bb (Montag). \u00dcberlegungen \u00fcber Kooperationen hinaus gebe es derzeit nicht, hie\u00df&#8230;<\/p>\n","protected":false},"author":7,"featured_media":0,"comment_status":"false","ping_status":"open","sticky":false,"template":"","format":"standard","meta":{"footnotes":""},"categories":[43],"tags":[44],"class_list":["post-25499","post","type-post","status-publish","format-standard","hentry","category-kirche-oldenburg","tag-kirche-oldenburg"],"_links":{"self":[{"href":"https:\/\/christusnews.de\/site\/wp-json\/wp\/v2\/posts\/25499","targetHints":{"allow":["GET"]}}],"collection":[{"href":"https:\/\/christusnews.de\/site\/wp-json\/wp\/v2\/posts"}],"about":[{"href":"https:\/\/christusnews.de\/site\/wp-json\/wp\/v2\/types\/post"}],"author":[{"embeddable":true,"href":"https:\/\/christusnews.de\/site\/wp-json\/wp\/v2\/users\/7"}],"replies":[{"embeddable":true,"href":"https:\/\/christusnews.de\/site\/wp-json\/wp\/v2\/comments?post=25499"}],"version-history":[{"count":1,"href":"https:\/\/christusnews.de\/site\/wp-json\/wp\/v2\/posts\/25499\/revisions"}],"predecessor-version":[{"id":25500,"href":"https:\/\/christusnews.de\/site\/wp-json\/wp\/v2\/posts\/25499\/revisions\/25500"}],"wp:attachment":[{"href":"https:\/\/christusnews.de\/site\/wp-json\/wp\/v2\/media?parent=25499"}],"wp:term":[{"taxonomy":"category","embeddable":true,"href":"https:\/\/christusnews.de\/site\/wp-json\/wp\/v2\/categories?post=25499"},{"taxonomy":"post_tag","embeddable":true,"href":"https:\/\/christusnews.de\/site\/wp-json\/wp\/v2\/tags?post=25499"}],"curies":[{"name":"wp","href":"https:\/\/api.w.org\/{rel}","templated":true}]}}