{"id":25503,"date":"2023-10-30T11:37:00","date_gmt":"2023-10-30T10:37:00","guid":{"rendered":"https:\/\/christusnews.de\/site\/oldenburger-bischof-adomeit-schliesst-kirchenfusion-nicht-aus\/"},"modified":"2023-11-01T22:17:44","modified_gmt":"2023-11-01T21:17:44","slug":"oldenburger-bischof-adomeit-schliesst-kirchenfusion-nicht-aus","status":"publish","type":"post","link":"https:\/\/christusnews.de\/site\/oldenburger-bischof-adomeit-schliesst-kirchenfusion-nicht-aus\/","title":{"rendered":"Oldenburger Bischof Adomeit schlie\u00dft Kirchenfusion nicht aus"},"content":{"rendered":"<p>Bremen\/Oldenburg (epd). In der Evangelisch-Lutherischen Kirche in Oldenburg gibt es nach den Worten ihres Bischofs Thomas Adomeit \u00abkeine Denk- und Redeverbote, was unsere Zukunft angeht\u00bb. \u00abSollte es in f\u00fcnf oder sechs Jahren keinen Sinn mehr machen, hier als eigenst\u00e4ndige Landeskirche t\u00e4tig zu sein, und Niedersachsen unsere Bezugsebene werden, werde ich einer Fusion nicht entgegenstehen\u00bb, sagte Adomeit dem Bremer \u00abWeser-Kurier\u00bb (Montag).<\/p>\n<p>\nWichtig sei die Frage, in welcher Struktur das Evangelium angesichts sinkender Mitgliederzahlen und einer abnehmenden Finanzkraft am besten zu den Menschen gebracht werden k\u00f6nne, f\u00fchrte Adomeit aus, der auch Ratsvorsitzender der Konf\u00f6deration evangelischer Kirchen in Niedersachsen ist. Das m\u00fcsse immer \u00fcber allem stehen: \u00abEs geht nicht darum, eine Struktur, die nicht mehr funktioniert, um der Struktur willen zu erhalten.\u00bb<\/p>\n<p>\nAdomeit verdeutlichte, die Oldenburger kooperierten an vielen Stellen mit den nieders\u00e4chsischen Kirchen. \u00abUnd im Moment sieht es noch so aus, dass das Oldenburger Land die Ebene ist, auf der wir erfolgreich arbeiten k\u00f6nnen.\u00bb Auch mit der Bremischen Evangelischen Kirche werde an vielen Stellen zusammen gearbeitet. Das reiche vom Kirchentag und der evangelischen Publizistik bis zur Norddeutschen Mission. Die bremische Kirche \u00abist uns eine wichtige Partnerin und wird das auch in Zukunft sein\u00bb.<\/p>\n<p>Kirche-Oldenburg<br \/>\n<a href=\"https:\/\/www.kirche-oldenburg.de\/\/aktuell\/news-niedersachsen\/artikel\/oldenburger-bischof-adomeit-schliesst-kirchenfusion-nicht-aus\" target=\"_blank\" rel=\"noopener\">Oldenburger Bischof Adomeit schlie\u00dft Kirchenfusion nicht aus<\/a><\/p>\n","protected":false},"excerpt":{"rendered":"<p>Bremen\/Oldenburg (epd). In der Evangelisch-Lutherischen Kirche in Oldenburg gibt es nach den Worten ihres Bischofs Thomas Adomeit \u00abkeine Denk- und Redeverbote, was unsere Zukunft angeht\u00bb. \u00abSollte es in f\u00fcnf oder sechs Jahren keinen Sinn mehr machen, hier als eigenst\u00e4ndige Landeskirche t\u00e4tig zu sein, und Niedersachsen unsere Bezugsebene werden, werde ich einer Fusion nicht entgegenstehen\u00bb, sagte Adomeit dem Bremer \u00abWeser-Kurier\u00bb (Montag). Wichtig sei die Frage, in welcher Struktur das Evangelium angesichts sinkender Mitgliederzahlen und einer abnehmenden Finanzkraft am besten zu den Menschen gebracht werden k\u00f6nne, f\u00fchrte Adomeit aus, der auch Ratsvorsitzender der Konf\u00f6deration evangelischer Kirchen in Niedersachsen ist. Das m\u00fcsse immer&#8230;<\/p>\n","protected":false},"author":7,"featured_media":0,"comment_status":"false","ping_status":"open","sticky":false,"template":"","format":"standard","meta":{"footnotes":""},"categories":[43],"tags":[44],"class_list":["post-25503","post","type-post","status-publish","format-standard","hentry","category-kirche-oldenburg","tag-kirche-oldenburg"],"_links":{"self":[{"href":"https:\/\/christusnews.de\/site\/wp-json\/wp\/v2\/posts\/25503","targetHints":{"allow":["GET"]}}],"collection":[{"href":"https:\/\/christusnews.de\/site\/wp-json\/wp\/v2\/posts"}],"about":[{"href":"https:\/\/christusnews.de\/site\/wp-json\/wp\/v2\/types\/post"}],"author":[{"embeddable":true,"href":"https:\/\/christusnews.de\/site\/wp-json\/wp\/v2\/users\/7"}],"replies":[{"embeddable":true,"href":"https:\/\/christusnews.de\/site\/wp-json\/wp\/v2\/comments?post=25503"}],"version-history":[{"count":1,"href":"https:\/\/christusnews.de\/site\/wp-json\/wp\/v2\/posts\/25503\/revisions"}],"predecessor-version":[{"id":25504,"href":"https:\/\/christusnews.de\/site\/wp-json\/wp\/v2\/posts\/25503\/revisions\/25504"}],"wp:attachment":[{"href":"https:\/\/christusnews.de\/site\/wp-json\/wp\/v2\/media?parent=25503"}],"wp:term":[{"taxonomy":"category","embeddable":true,"href":"https:\/\/christusnews.de\/site\/wp-json\/wp\/v2\/categories?post=25503"},{"taxonomy":"post_tag","embeddable":true,"href":"https:\/\/christusnews.de\/site\/wp-json\/wp\/v2\/tags?post=25503"}],"curies":[{"name":"wp","href":"https:\/\/api.w.org\/{rel}","templated":true}]}}