{"id":25505,"date":"2023-10-29T11:33:00","date_gmt":"2023-10-29T10:33:00","guid":{"rendered":"https:\/\/christusnews.de\/site\/bericht-weil-kuendigt-schaerferes-vorgehen-gegen-antisemitismus-an\/"},"modified":"2023-11-01T22:17:45","modified_gmt":"2023-11-01T21:17:45","slug":"bericht-weil-kuendigt-schaerferes-vorgehen-gegen-antisemitismus-an","status":"publish","type":"post","link":"https:\/\/christusnews.de\/site\/bericht-weil-kuendigt-schaerferes-vorgehen-gegen-antisemitismus-an\/","title":{"rendered":"Bericht: Weil k\u00fcndigt sch\u00e4rferes Vorgehen gegen Antisemitismus an"},"content":{"rendered":"<p>Hannover (epd). Niedersachsens Ministerpr\u00e4sident Stephan Weil (SPD) hat eine eindeutige Reaktion der Sicherheitsbeh\u00f6rden auf judenfeindliche und antiisraelische \u00c4u\u00dferungen in Niedersachsen angek\u00fcndigt. \u00abPolizei und Justiz werden in den n\u00e4chsten Wochen und Monaten noch aufmerksamer sein und auf jede Form von judenfeindlichen \u00c4u\u00dferungen konsequent reagieren\u00bb, sagte Weil der \u00abHannoverschen Allgemeinen Zeitung\u00bb (Sonntag, online). Das Land stehe an der Seite Israels. \u00abDaran lassen alle politisch Verantwortlichen keinen Zweifel.\u00bb<\/p>\n<p>\nDie Landesregierung und alle staatlichen Institutionen werden \u00aballes in ihrer Macht Stehende tun, damit sich J\u00fcdinnen und Juden sicher f\u00fchlen k\u00f6nnen\u00bb, versicherte der Ministerpr\u00e4sident. \u00abJubel \u00fcber die schrecklichen Terrorangriffe der Hamas oder antisemitische Plakate und Schmierereien werden nicht geduldet.\u00bb Es besch\u00e4me ihn, dass sich die Angeh\u00f6rigen j\u00fcdischer Gemeinden in Niedersachsen fragten, ob sie noch Kippa und andere Zeichen ihres Glaubens gefahrlos in der \u00d6ffentlichkeit tragen k\u00f6nnen.<\/p>\n<p>\nWeil mahnte die Menschen im Land zu besonderer Achtsamkeit. \u00abWir d\u00fcrfen uns nicht an \u00c4u\u00dferungen gew\u00f6hnen, die andere Religionen oder Kulturen herabw\u00fcrdigen\u00bb. Der Ministerpr\u00e4sident rief dazu auf, jeder Form von Antisemitismus oder auch Islamfeindlichkeit entgegenzutreten und gegebenenfalls die Polizei zu informieren.<\/p>\n<p>Kirche-Oldenburg<br \/>\n<a href=\"https:\/\/www.kirche-oldenburg.de\/\/aktuell\/news-niedersachsen\/artikel\/bericht-weil-kuendigt-schaerferes-vorgehen-gegen-antisemitismus-an\" target=\"_blank\" rel=\"noopener\">Bericht: Weil k\u00fcndigt sch\u00e4rferes Vorgehen gegen Antisemitismus an<\/a><\/p>\n","protected":false},"excerpt":{"rendered":"<p>Hannover (epd). Niedersachsens Ministerpr\u00e4sident Stephan Weil (SPD) hat eine eindeutige Reaktion der Sicherheitsbeh\u00f6rden auf judenfeindliche und antiisraelische \u00c4u\u00dferungen in Niedersachsen angek\u00fcndigt. \u00abPolizei und Justiz werden in den n\u00e4chsten Wochen und Monaten noch aufmerksamer sein und auf jede Form von judenfeindlichen \u00c4u\u00dferungen konsequent reagieren\u00bb, sagte Weil der \u00abHannoverschen Allgemeinen Zeitung\u00bb (Sonntag, online). Das Land stehe an der Seite Israels. \u00abDaran lassen alle politisch Verantwortlichen keinen Zweifel.\u00bb Die Landesregierung und alle staatlichen Institutionen werden \u00aballes in ihrer Macht Stehende tun, damit sich J\u00fcdinnen und Juden sicher f\u00fchlen k\u00f6nnen\u00bb, versicherte der Ministerpr\u00e4sident. \u00abJubel \u00fcber die schrecklichen Terrorangriffe der Hamas oder antisemitische Plakate und&#8230;<\/p>\n","protected":false},"author":7,"featured_media":0,"comment_status":"false","ping_status":"open","sticky":false,"template":"","format":"standard","meta":{"footnotes":""},"categories":[43],"tags":[44],"class_list":["post-25505","post","type-post","status-publish","format-standard","hentry","category-kirche-oldenburg","tag-kirche-oldenburg"],"_links":{"self":[{"href":"https:\/\/christusnews.de\/site\/wp-json\/wp\/v2\/posts\/25505","targetHints":{"allow":["GET"]}}],"collection":[{"href":"https:\/\/christusnews.de\/site\/wp-json\/wp\/v2\/posts"}],"about":[{"href":"https:\/\/christusnews.de\/site\/wp-json\/wp\/v2\/types\/post"}],"author":[{"embeddable":true,"href":"https:\/\/christusnews.de\/site\/wp-json\/wp\/v2\/users\/7"}],"replies":[{"embeddable":true,"href":"https:\/\/christusnews.de\/site\/wp-json\/wp\/v2\/comments?post=25505"}],"version-history":[{"count":1,"href":"https:\/\/christusnews.de\/site\/wp-json\/wp\/v2\/posts\/25505\/revisions"}],"predecessor-version":[{"id":25506,"href":"https:\/\/christusnews.de\/site\/wp-json\/wp\/v2\/posts\/25505\/revisions\/25506"}],"wp:attachment":[{"href":"https:\/\/christusnews.de\/site\/wp-json\/wp\/v2\/media?parent=25505"}],"wp:term":[{"taxonomy":"category","embeddable":true,"href":"https:\/\/christusnews.de\/site\/wp-json\/wp\/v2\/categories?post=25505"},{"taxonomy":"post_tag","embeddable":true,"href":"https:\/\/christusnews.de\/site\/wp-json\/wp\/v2\/tags?post=25505"}],"curies":[{"name":"wp","href":"https:\/\/api.w.org\/{rel}","templated":true}]}}