{"id":25507,"date":"2023-10-29T11:27:00","date_gmt":"2023-10-29T10:27:00","guid":{"rendered":"https:\/\/christusnews.de\/site\/das-stichwort-reformationstag\/"},"modified":"2023-11-01T22:17:45","modified_gmt":"2023-11-01T21:17:45","slug":"das-stichwort-reformationstag","status":"publish","type":"post","link":"https:\/\/christusnews.de\/site\/das-stichwort-reformationstag\/","title":{"rendered":"Das Stichwort: Reformationstag"},"content":{"rendered":"<p>Hannover\/Bremen (epd). Am Reformationstag erinnern Protestanten in aller Welt an die Anf\u00e4nge der evangelischen Kirche vor rund 500 Jahren. Die vom damaligen Augustinerm\u00f6nch Martin Luther (1483-1546) um den 31. Oktober 1517 von Wittenberg aus verbreiteten 95 Thesen gegen kirchliche Missst\u00e4nde wurden zum Ausgang einer christlichen Erneuerungsbewegung. W\u00e4hrend der Gedenktag fr\u00fcher zur Abgrenzung der Protestanten gegen\u00fcber katholischen Christen genutzt wurde, wird er inzwischen im Geist der \u00d6kumene gefeiert.<\/p>\n<p>\nDer Reformationstag wird als Gelegenheit zur evangelischen Selbstbesinnung verstanden. Luther wollte die Kirche zum geistigen Ursprung der Botschaft des Evangeliums zur\u00fcckf\u00fchren. Die von ihm geforderten Reformen f\u00fchrten nicht nur zur Gr\u00fcndung der evangelischen Kirchen, auch die r\u00f6misch-katholische Kirche hat sich seitdem grundlegend reformiert.<\/p>\n<p>\nErst 150 Jahre nach der Reformation wurde der 31. Oktober zum Gedenktag. Kurf\u00fcrst Johann Georg II. von Sachsen setzte den Tag im Jahr 1667 fest. Nach den Reformationsjubil\u00e4en 1717 und 1817 etablierte sich das Reformationsfest weiter.<\/p>\n<p>\nDer Reformationstag ist in den \u00f6stlichen Bundesl\u00e4ndern &#8211; au\u00dfer Berlin &#8211; gesetzlicher Feiertag. 2018 haben au\u00dferdem die norddeutschen Bundesl\u00e4nder Bremen, Hamburg, Niedersachsen und Schleswig-Holstein den Reformationstag zum Feiertag erkl\u00e4rt. Damit ist am 31. Oktober in 9 von 16 Bundesl\u00e4ndern arbeitsfrei.<\/p>\n<p>Kirche-Oldenburg<br \/>\n<a href=\"https:\/\/www.kirche-oldenburg.de\/\/aktuell\/news-niedersachsen\/artikel\/das-stichwort-reformationstag-3\" target=\"_blank\" rel=\"noopener\">Das Stichwort: Reformationstag<\/a><\/p>\n","protected":false},"excerpt":{"rendered":"<p>Hannover\/Bremen (epd). Am Reformationstag erinnern Protestanten in aller Welt an die Anf\u00e4nge der evangelischen Kirche vor rund 500 Jahren. Die vom damaligen Augustinerm\u00f6nch Martin Luther (1483-1546) um den 31. Oktober 1517 von Wittenberg aus verbreiteten 95 Thesen gegen kirchliche Missst\u00e4nde wurden zum Ausgang einer christlichen Erneuerungsbewegung. W\u00e4hrend der Gedenktag fr\u00fcher zur Abgrenzung der Protestanten gegen\u00fcber katholischen Christen genutzt wurde, wird er inzwischen im Geist der \u00d6kumene gefeiert. Der Reformationstag wird als Gelegenheit zur evangelischen Selbstbesinnung verstanden. Luther wollte die Kirche zum geistigen Ursprung der Botschaft des Evangeliums zur\u00fcckf\u00fchren. Die von ihm geforderten Reformen f\u00fchrten nicht nur zur Gr\u00fcndung der evangelischen&#8230;<\/p>\n","protected":false},"author":7,"featured_media":0,"comment_status":"false","ping_status":"open","sticky":false,"template":"","format":"standard","meta":{"footnotes":""},"categories":[43],"tags":[44],"class_list":["post-25507","post","type-post","status-publish","format-standard","hentry","category-kirche-oldenburg","tag-kirche-oldenburg"],"_links":{"self":[{"href":"https:\/\/christusnews.de\/site\/wp-json\/wp\/v2\/posts\/25507","targetHints":{"allow":["GET"]}}],"collection":[{"href":"https:\/\/christusnews.de\/site\/wp-json\/wp\/v2\/posts"}],"about":[{"href":"https:\/\/christusnews.de\/site\/wp-json\/wp\/v2\/types\/post"}],"author":[{"embeddable":true,"href":"https:\/\/christusnews.de\/site\/wp-json\/wp\/v2\/users\/7"}],"replies":[{"embeddable":true,"href":"https:\/\/christusnews.de\/site\/wp-json\/wp\/v2\/comments?post=25507"}],"version-history":[{"count":1,"href":"https:\/\/christusnews.de\/site\/wp-json\/wp\/v2\/posts\/25507\/revisions"}],"predecessor-version":[{"id":25508,"href":"https:\/\/christusnews.de\/site\/wp-json\/wp\/v2\/posts\/25507\/revisions\/25508"}],"wp:attachment":[{"href":"https:\/\/christusnews.de\/site\/wp-json\/wp\/v2\/media?parent=25507"}],"wp:term":[{"taxonomy":"category","embeddable":true,"href":"https:\/\/christusnews.de\/site\/wp-json\/wp\/v2\/categories?post=25507"},{"taxonomy":"post_tag","embeddable":true,"href":"https:\/\/christusnews.de\/site\/wp-json\/wp\/v2\/tags?post=25507"}],"curies":[{"name":"wp","href":"https:\/\/api.w.org\/{rel}","templated":true}]}}