{"id":25515,"date":"2023-11-02T19:17:56","date_gmt":"2023-11-02T18:17:56","guid":{"rendered":"https:\/\/christusnews.de\/site\/kreiskantor-in-cloppenburg-feierlich-eingefuehrt\/"},"modified":"2023-11-02T22:17:28","modified_gmt":"2023-11-02T21:17:28","slug":"kreiskantor-in-cloppenburg-feierlich-eingefuehrt","status":"publish","type":"post","link":"https:\/\/christusnews.de\/site\/kreiskantor-in-cloppenburg-feierlich-eingefuehrt\/","title":{"rendered":"Kreiskantor in Cloppenburg feierlich eingef\u00fchrt"},"content":{"rendered":"<p>In einem festlichen Gottesdienst in der evangelischen Kirche in Cloppenburg ist der neue Kreiskantor des Ev.-luth. Kirchenkreises Oldenburger M\u00fcnsterland, Matthew Glandorf, am Reformationstag eingef\u00fchrt worden. Seit Anfang September bekleidet der Musiker aus Philadelphia (USA), der in seiner Jugend acht Jahre in Wilhelmshaven gelebt hat, sein neues Amt.&nbsp;<\/p>\n<p>Der Gottesdienst war musikalisch liturgisch meditativ und zugleich fulminant gestaltet. Unter der Leitung von Matthew Glandorf musizierte der stimmkr\u00e4ftige Chor und ein versiertes Bl\u00e4serensemble. An der Orgel unterst\u00fctzte der Kreiskantor des Kirchenkreises Friesland-Wilhelmshaven, Klaus Wedel.<\/p>\n<p>Auch der Kreispfarrer dieses Kirchenkreises, Christian Scheuer, war \u2013 als langj\u00e4hriger Freund des Eingef\u00fchrten \u2013 am Gottesdienst beteiligt. Ebenso Landeskirchenmusikdirektorin Beate Besser aus Oldenburg, die Kirchen\u00e4ltesten Ulrike Brittal-Joseph und Karin Rudolph sowie Pfarrerin Eva-Maria Burke, Pfarrer Wolfgang K\u00fcrschner und Pfarrer Andreas Pauly aus Cloppenburg.&nbsp;<\/p>\n<p>In der biblischen Lesung, in der Predigt und in den Gebeten wurde der Stellenwert der Kirchenmusik in der Verk\u00fcndigung der Kirche hervorgehoben. \u201eBodenhaftung\u201c und \u201eHimmelshaftung\u201c seien gleicherma\u00dfen wichtig f\u00fcr das Leben der Kirche. Die Ber\u00fchrung mit dem Himmel geschehe mit allen Sinnen gerade auch durch die musikalische Gestaltung kirchlicher Feiern, so Kreispfarrerin Martina Wittkowski in ihrer Predigt.&nbsp;<\/p>\n<p>Im Gottesdienst und beim anschlie\u00dfenden Empfang im Schwedenheim war die Freude der Gemeinde und der Menschen aus dem Kirchenkreis zu sp\u00fcren, dass nach dem Eintritt in den Ruhestand von J\u00fcrgen L\u00f6bbecke nun ein motivierter neuer Kreiskantor seine Arbeit aufnehmen kann.&nbsp;<br \/>\n&nbsp;<\/p>\n<p>Kirche-Oldenburg<br \/>\n<a href=\"https:\/\/www.kirche-oldenburg.de\/\/aktuell\/aus-den-kirchenkreisen\/artikel\/kreiskantor-in-cloppenburg-feierlich-eingefuehrt\" target=\"_blank\" rel=\"noopener\">Kreiskantor in Cloppenburg feierlich eingef\u00fchrt<\/a><\/p>\n","protected":false},"excerpt":{"rendered":"<p>In einem festlichen Gottesdienst in der evangelischen Kirche in Cloppenburg ist der neue Kreiskantor des Ev.-luth. Kirchenkreises Oldenburger M\u00fcnsterland, Matthew Glandorf, am Reformationstag eingef\u00fchrt worden. Seit Anfang September bekleidet der Musiker aus Philadelphia (USA), der in seiner Jugend acht Jahre in Wilhelmshaven gelebt hat, sein neues Amt.&nbsp; Der Gottesdienst war musikalisch liturgisch meditativ und zugleich fulminant gestaltet. Unter der Leitung von Matthew Glandorf musizierte der stimmkr\u00e4ftige Chor und ein versiertes Bl\u00e4serensemble. An der Orgel unterst\u00fctzte der Kreiskantor des Kirchenkreises Friesland-Wilhelmshaven, Klaus Wedel. Auch der Kreispfarrer dieses Kirchenkreises, Christian Scheuer, war \u2013 als langj\u00e4hriger Freund des Eingef\u00fchrten \u2013 am Gottesdienst beteiligt&#8230;.<\/p>\n","protected":false},"author":7,"featured_media":0,"comment_status":"false","ping_status":"open","sticky":false,"template":"","format":"standard","meta":{"footnotes":""},"categories":[43],"tags":[44],"class_list":["post-25515","post","type-post","status-publish","format-standard","hentry","category-kirche-oldenburg","tag-kirche-oldenburg"],"_links":{"self":[{"href":"https:\/\/christusnews.de\/site\/wp-json\/wp\/v2\/posts\/25515","targetHints":{"allow":["GET"]}}],"collection":[{"href":"https:\/\/christusnews.de\/site\/wp-json\/wp\/v2\/posts"}],"about":[{"href":"https:\/\/christusnews.de\/site\/wp-json\/wp\/v2\/types\/post"}],"author":[{"embeddable":true,"href":"https:\/\/christusnews.de\/site\/wp-json\/wp\/v2\/users\/7"}],"replies":[{"embeddable":true,"href":"https:\/\/christusnews.de\/site\/wp-json\/wp\/v2\/comments?post=25515"}],"version-history":[{"count":1,"href":"https:\/\/christusnews.de\/site\/wp-json\/wp\/v2\/posts\/25515\/revisions"}],"predecessor-version":[{"id":25516,"href":"https:\/\/christusnews.de\/site\/wp-json\/wp\/v2\/posts\/25515\/revisions\/25516"}],"wp:attachment":[{"href":"https:\/\/christusnews.de\/site\/wp-json\/wp\/v2\/media?parent=25515"}],"wp:term":[{"taxonomy":"category","embeddable":true,"href":"https:\/\/christusnews.de\/site\/wp-json\/wp\/v2\/categories?post=25515"},{"taxonomy":"post_tag","embeddable":true,"href":"https:\/\/christusnews.de\/site\/wp-json\/wp\/v2\/tags?post=25515"}],"curies":[{"name":"wp","href":"https:\/\/api.w.org\/{rel}","templated":true}]}}