{"id":25519,"date":"2023-11-01T12:48:00","date_gmt":"2023-11-01T11:48:00","guid":{"rendered":"https:\/\/christusnews.de\/site\/antisemitismus-forscher-judenhass-ist-teil-des-schulalltags\/"},"modified":"2023-11-02T22:17:29","modified_gmt":"2023-11-02T21:17:29","slug":"antisemitismus-forscher-judenhass-ist-teil-des-schulalltags","status":"publish","type":"post","link":"https:\/\/christusnews.de\/site\/antisemitismus-forscher-judenhass-ist-teil-des-schulalltags\/","title":{"rendered":"Antisemitismus-Forscher: Judenhass ist Teil des Schulalltags"},"content":{"rendered":"<p class=\"MsoPlainText\">Hannover (epd). Der hannoversche Antisemitismus-Forscher Wolfram Stender sieht angesichts des Nahost-Konfliktes wachsenden Antisemitismus an Schulen in Deutschland. \u00abAuch wenn die Situation an Schulen wie in Berlin-Neuk\u00f6lln nicht verallgemeinerbar ist, bin ich mir ziemlich sicher, dass j\u00fcdische Sch\u00fclerinnen und Sch\u00fcler seit Jahrzehnten nicht mehr so stark in Gefahr waren wie aktuell\u00bb, sagte der Soziologe im Gespr\u00e4ch mit dem Evangelischen Pressedienst (epd).&nbsp;\u00abDass j\u00fcdische Eltern ihre Kinder aus Sorge vor Angriffen nicht mehr in die Schule schicken, ist vor diesem Hintergrund absolut nachvollziehbar.\u00bb<\/p>\n<p class=\"MsoPlainText\">&nbsp;<\/p>\n<p class=\"MsoPlainText\">Die Zahl der antisemitischen Angriffe sei seit dem \u00dcberfall der Hamas auf Israel am 7. Oktober sprunghaft gestiegen, sagte der Professor an der Hochschule Hannover. Stender forderte die Schulleitungen auf, deutlich Position f\u00fcr ein Existenzrecht Israels zu beziehen und ebenso deutlich die Terrorakte der Hamas zu verurteilen.<\/p>\n<p class=\"MsoPlainText\">&nbsp;<\/p>\n<p class=\"MsoPlainText\">\u00abWenn \u00fcber Israel gesprochen wird, sind viel Unwissen und Halbwissen im Spiel und noch mehr Fake News, L\u00fcgen und absichtliche Falschdarstellungen\u00bb, beklagte er. \u00abDas nimmt gerade jetzt wieder rasant zu.\u00bb Dabei seien es keineswegs nur rechte oder bestimmte muslimische Milieus, die den Staat Israel d\u00e4monisierten. Gleiches geschehe auch von links und aus der Mitte der Gesellschaft.<\/p>\n<p class=\"MsoPlainText\">&nbsp;<\/p>\n<p class=\"MsoPlainText\">Stender kritisierte in diesem Zusammenhang die j\u00fcngsten \u00c4u\u00dferungen der internationalen \u00abFridays for Future\u00bb-Bewegung als \u00abuns\u00e4glich\u00bb. \u00abDa wird israelbezogener Antisemitismus in ein pseudokritisches, postkolonial-antirassistisches Gewand gekleidet.\u00bb Auf diese Weise w\u00e4hnten sich die Israel-Kritiker dann auf der vermeintlich moralisch richtigen Seite der Unterdr\u00fcckten, sagte der Wissenschaftler. \u00abDiese Form von Antisemitismus ist leider ziemlich weit verbreitet, \u00fcbrigens auch in manchen kirchlichen Kreisen.\u00bb<\/p>\n<p class=\"MsoPlainText\">&nbsp;<\/p>\n<p class=\"MsoPlainText\">Die Lehrerinnen und Lehrer seien gefordert, angesichts antisemitischer Vorf\u00e4lle sofort einzugreifen, betonte Stender. \u00abLehrer und Lehrerinnen m\u00fcssen in der Lage sein, den Sch\u00fclerinnen und Sch\u00fclern zu erkl\u00e4ren, was genau an ihrer \u00c4u\u00dferung oder Handlung antisemitisch ist und warum dies keine Meinung, sondern ein Gewaltakt ist.\u00bb Wenn ein solches Eingreifen nicht ausreiche, seien Sanktionen bis hin zu rechtlichen Ordnungsma\u00dfnahmen unverzichtbar.<\/p>\n<p class=\"MsoPlainText\">&nbsp;<\/p>\n<p class=\"MsoPlainText\">Aktuell gehe es aber vor allem um den Schutz von J\u00fcdinnen und Juden auch an den Schulen, sagte Stender. \u00abWas wir brauchen, auch in Niedersachsen, ist eine Taskforce gegen Antisemitismus, die die j\u00fcdischen Gemeinden aktiv und konkret sch\u00fctzt und professionell und systematisch gegen Antisemitismus vorgeht.\u00bb<\/p>\n<p>Kirche-Oldenburg<br \/>\n<a href=\"https:\/\/www.kirche-oldenburg.de\/\/aktuell\/news-niedersachsen\/artikel\/antisemitismus-forscher-judenhass-ist-teil-des-schulalltags\" target=\"_blank\" rel=\"noopener\">Antisemitismus-Forscher: Judenhass ist Teil des Schulalltags<\/a><\/p>\n","protected":false},"excerpt":{"rendered":"<p>Hannover (epd). Der hannoversche Antisemitismus-Forscher Wolfram Stender sieht angesichts des Nahost-Konfliktes wachsenden Antisemitismus an Schulen in Deutschland. \u00abAuch wenn die Situation an Schulen wie in Berlin-Neuk\u00f6lln nicht verallgemeinerbar ist, bin ich mir ziemlich sicher, dass j\u00fcdische Sch\u00fclerinnen und Sch\u00fcler seit Jahrzehnten nicht mehr so stark in Gefahr waren wie aktuell\u00bb, sagte der Soziologe im Gespr\u00e4ch mit dem Evangelischen Pressedienst (epd).&nbsp;\u00abDass j\u00fcdische Eltern ihre Kinder aus Sorge vor Angriffen nicht mehr in die Schule schicken, ist vor diesem Hintergrund absolut nachvollziehbar.\u00bb &nbsp; Die Zahl der antisemitischen Angriffe sei seit dem \u00dcberfall der Hamas auf Israel am 7. Oktober sprunghaft gestiegen, sagte&#8230;<\/p>\n","protected":false},"author":7,"featured_media":0,"comment_status":"false","ping_status":"open","sticky":false,"template":"","format":"standard","meta":{"footnotes":""},"categories":[43],"tags":[44],"class_list":["post-25519","post","type-post","status-publish","format-standard","hentry","category-kirche-oldenburg","tag-kirche-oldenburg"],"_links":{"self":[{"href":"https:\/\/christusnews.de\/site\/wp-json\/wp\/v2\/posts\/25519","targetHints":{"allow":["GET"]}}],"collection":[{"href":"https:\/\/christusnews.de\/site\/wp-json\/wp\/v2\/posts"}],"about":[{"href":"https:\/\/christusnews.de\/site\/wp-json\/wp\/v2\/types\/post"}],"author":[{"embeddable":true,"href":"https:\/\/christusnews.de\/site\/wp-json\/wp\/v2\/users\/7"}],"replies":[{"embeddable":true,"href":"https:\/\/christusnews.de\/site\/wp-json\/wp\/v2\/comments?post=25519"}],"version-history":[{"count":1,"href":"https:\/\/christusnews.de\/site\/wp-json\/wp\/v2\/posts\/25519\/revisions"}],"predecessor-version":[{"id":25520,"href":"https:\/\/christusnews.de\/site\/wp-json\/wp\/v2\/posts\/25519\/revisions\/25520"}],"wp:attachment":[{"href":"https:\/\/christusnews.de\/site\/wp-json\/wp\/v2\/media?parent=25519"}],"wp:term":[{"taxonomy":"category","embeddable":true,"href":"https:\/\/christusnews.de\/site\/wp-json\/wp\/v2\/categories?post=25519"},{"taxonomy":"post_tag","embeddable":true,"href":"https:\/\/christusnews.de\/site\/wp-json\/wp\/v2\/tags?post=25519"}],"curies":[{"name":"wp","href":"https:\/\/api.w.org\/{rel}","templated":true}]}}