{"id":25527,"date":"2023-11-03T18:51:19","date_gmt":"2023-11-03T17:51:19","guid":{"rendered":"https:\/\/christusnews.de\/site\/oliver-schuegraf-wird-neuer-landesbischof-in-schaumburg-lippe\/"},"modified":"2023-11-03T22:19:01","modified_gmt":"2023-11-03T21:19:01","slug":"oliver-schuegraf-wird-neuer-landesbischof-in-schaumburg-lippe","status":"publish","type":"post","link":"https:\/\/christusnews.de\/site\/oliver-schuegraf-wird-neuer-landesbischof-in-schaumburg-lippe\/","title":{"rendered":"Oliver Schuegraf wird neuer Landesbischof in Schaumburg-Lippe"},"content":{"rendered":"<p>Die Synode der Evangelisch-Lutherischen Landeskirche Schaumburg-Lippe hat am Donnerstagabend, 2. November, Dr. Oliver Schuegraf zum neuen Landesbischof und Nachfolger von Dr. Karl-Hinrich Manzke gew\u00e4hlt, der im Februar 2024 in den Ruhestand geht.<\/p>\n<p>Der Vorsitzende des Rates der Konf\u00f6deration evangelischer Kirchen in Niedersachsen, Bischof Thomas Adomeit (Oldenburg), sagt: \u201eF\u00fcr die Konf\u00f6deration evangelischer Kirchen in Niedersachsen gratuliere ich Dr. Oliver Schuegraf zu seiner Wahl zum Landesbischof der Evangelisch-Lutherischen Landeskirche Schaumburg-Lippe. F\u00fcr seinen bisch\u00f6flichen Dienst w\u00fcnsche ich ihm Gottes reichen Segen und freue mich sehr darauf, mit ihm im Rat der Konf\u00f6deration zusammenzuarbeiten. Ich kenne und sch\u00e4tze Oliver Schuegraf aus dem \u00f6kumenischen Kontext, in dem er viel Erfahrung mitbringt. Dieses Arbeitsfeld ist auch f\u00fcr uns in Niedersachsen ein sehr wichtiges und Oliver Schuegraf wird unsere Arbeit hier sicher sehr bereichern.\u201c<\/p>\n<p><em>Eine Pressemitteilung der Konf\u00f6deration evangelischer Kirchen in Niedersachsachsen<\/em><\/p>\n<p>&nbsp;<\/p>\n<p><strong>Oliver Schuegraf zum neuen Landesbischof in Schaumburg-Lippe&nbsp;gew\u00e4hlt<\/strong><\/p>\n<p>Die 34 Mitglieder der schaumburg-lippischen Landessynode haben am Donnerstagabend,&nbsp; 2. November, Oberkirchenrat Dr. Oliver Schuegraf im ersten Wahlgang einstimmig zum zuk\u00fcnftigen Landesbischof der Evangelisch-Lutherischen Landeskirche Schaumburg-Lippe gew\u00e4hlt.<\/p>\n<p>Der Theologe Oliver Schuegraf (54) aus Hannover wird neuer Landesbischof der Evangelisch-Lutherischen Landeskirche Schaumburg-Lippe. Die Synode, das Kirchenparlament, w\u00e4hlte ihn am Donnerstagabend in B\u00fcckeburg einstimmig in den h\u00f6chste Leitungsamt der Landeskirche. Schuegraf erhielt alle 34 Stimmen. Er l\u00f6st im Fr\u00fchjahr 2024 den derzeitgen Amtsinhaber Karl-Hinrich Manzke (65) ab, der Ende Februar in den Ruhestand geht. Die Amtszeit betr\u00e4gt zun\u00e4chst zehn Jahre, kann aber dann verl\u00e4ngert werden.<\/p>\n<p>Schuegraf, Pfarrer der bayrischen Landeskirche, ist zurzeit als Oberkirchenrat f\u00fcr das Deutsche Nationalkomitee des Lutherischen Weltbundes in Hannover t\u00e4tig. Dort ist er f\u00fcr \u00f6kumenische Grundsatzfragen und das Gespr\u00e4ch mit der r\u00f6misch-katholischen Kirche zust\u00e4ndig. Bei der Bischofswahl in der B\u00fcckeburger Stadtkirche war er der einzige Kandidat.<\/p>\n<p>Oliver Schuegraf stammt aus W\u00fcrzburg und studierte evangelische Theologie in Erlangen, Bonn und Jerusalem. An der Augustana-Hochschule in Neuendettelsau bei Ansbach promovierte er mit einer Arbeit zur \u00d6kumene. Als Pastor und Seelsorger arbeitete Schuegraf im englischen Coventry sowie im fr\u00e4nkischen Feuchtwangen.<\/p>\n<p>Seit 2011 ist er Vorsitzender der Nagelkreuzgemeinschaft in Deutschland. Diese Gemeinschaft ist ein weltweites Netzwerk von Kirchen f\u00fcr Frieden und Vers\u00f6hnung, das auf die Zerst\u00f6rung der Kathedrale von Coventry im November 1940 durch deutsche Bomben zur\u00fcckgeht.<\/p>\n<p>Zur schaumburg-lippischen Landeskirche an der Grenze von Niedersachsen und Nordrhein-Westfalen geh\u00f6ren 22 Gemeinden mit zusammen rund 46.000 Mitgliedern. Damit geh\u00f6rt Schaumburg-Lippe neben der Evangelischen Landeskirche Anhalts zu den kleinsten deutschen Landeskirchen.<\/p>\n<p>&nbsp;<\/p>\n<p>Kirche-Oldenburg<br \/>\n<a href=\"https:\/\/www.kirche-oldenburg.de\/\/aktuell\/pressemitteilungen\/artikel\/oliver-schuegraf-wird-neuer-landesbischof-in-schaumburg-lippe\" target=\"_blank\" rel=\"noopener\">Oliver Schuegraf wird neuer Landesbischof in Schaumburg-Lippe<\/a><\/p>\n","protected":false},"excerpt":{"rendered":"<p>Die Synode der Evangelisch-Lutherischen Landeskirche Schaumburg-Lippe hat am Donnerstagabend, 2. November, Dr. Oliver Schuegraf zum neuen Landesbischof und Nachfolger von Dr. Karl-Hinrich Manzke gew\u00e4hlt, der im Februar 2024 in den Ruhestand geht. Der Vorsitzende des Rates der Konf\u00f6deration evangelischer Kirchen in Niedersachsen, Bischof Thomas Adomeit (Oldenburg), sagt: \u201eF\u00fcr die Konf\u00f6deration evangelischer Kirchen in Niedersachsen gratuliere ich Dr. Oliver Schuegraf zu seiner Wahl zum Landesbischof der Evangelisch-Lutherischen Landeskirche Schaumburg-Lippe. F\u00fcr seinen bisch\u00f6flichen Dienst w\u00fcnsche ich ihm Gottes reichen Segen und freue mich sehr darauf, mit ihm im Rat der Konf\u00f6deration zusammenzuarbeiten. Ich kenne und sch\u00e4tze Oliver Schuegraf aus dem \u00f6kumenischen Kontext,&#8230;<\/p>\n","protected":false},"author":7,"featured_media":0,"comment_status":"false","ping_status":"open","sticky":false,"template":"","format":"standard","meta":{"footnotes":""},"categories":[43],"tags":[44],"class_list":["post-25527","post","type-post","status-publish","format-standard","hentry","category-kirche-oldenburg","tag-kirche-oldenburg"],"_links":{"self":[{"href":"https:\/\/christusnews.de\/site\/wp-json\/wp\/v2\/posts\/25527","targetHints":{"allow":["GET"]}}],"collection":[{"href":"https:\/\/christusnews.de\/site\/wp-json\/wp\/v2\/posts"}],"about":[{"href":"https:\/\/christusnews.de\/site\/wp-json\/wp\/v2\/types\/post"}],"author":[{"embeddable":true,"href":"https:\/\/christusnews.de\/site\/wp-json\/wp\/v2\/users\/7"}],"replies":[{"embeddable":true,"href":"https:\/\/christusnews.de\/site\/wp-json\/wp\/v2\/comments?post=25527"}],"version-history":[{"count":1,"href":"https:\/\/christusnews.de\/site\/wp-json\/wp\/v2\/posts\/25527\/revisions"}],"predecessor-version":[{"id":25528,"href":"https:\/\/christusnews.de\/site\/wp-json\/wp\/v2\/posts\/25527\/revisions\/25528"}],"wp:attachment":[{"href":"https:\/\/christusnews.de\/site\/wp-json\/wp\/v2\/media?parent=25527"}],"wp:term":[{"taxonomy":"category","embeddable":true,"href":"https:\/\/christusnews.de\/site\/wp-json\/wp\/v2\/categories?post=25527"},{"taxonomy":"post_tag","embeddable":true,"href":"https:\/\/christusnews.de\/site\/wp-json\/wp\/v2\/tags?post=25527"}],"curies":[{"name":"wp","href":"https:\/\/api.w.org\/{rel}","templated":true}]}}