{"id":25538,"date":"2023-11-05T16:41:10","date_gmt":"2023-11-05T15:41:10","guid":{"rendered":"https:\/\/christusnews.de\/site\/strahlkraft-durch-vielfaeltige-beteiligung\/"},"modified":"2023-11-05T22:19:46","modified_gmt":"2023-11-05T21:19:46","slug":"strahlkraft-durch-vielfaeltige-beteiligung","status":"publish","type":"post","link":"https:\/\/christusnews.de\/site\/strahlkraft-durch-vielfaeltige-beteiligung\/","title":{"rendered":"Strahlkraft durch vielf\u00e4ltige Beteiligung"},"content":{"rendered":"<p>Das Kirchenparlament des Kirchenkreises Ammerland fand am 3. November in Idafehn zu seiner zehnten Tagung zusammen. Die Kirchengemeinde Idafehn ist eine von zehn Kirchengemeinden des Kirchenkreises Ammerland. Die Synode begann mit einem Gottesdienst. In diesem erstrahlte erstmalig das neue F\u00fcrbitten-Schiff. Dazu entz\u00fcndeten die Anwesenden Kerzen und stecken diese verbunden mit ihren Gebetsanliegen in einen mit Sand bef\u00fcllten Schiffsrumpf. In kurzer Zeit entwickelten die vielen Kerzen zusammen eine gro\u00dfe Helligkeit und W\u00e4rme. Dieses Bild nahm bereits vorweg, was im Verlauf der anschlie\u00dfenden Tagung vielf\u00e4ltig zur Sprache kam: Durch das Engagement von vielen verschiedenen Menschen in Gemeinden, Werken und Einrichtungen wird Kirche lebendig und kann Trag- und Strahlkraft gewinnen. Kreispfarrer Lars Dede machte in seinem Bericht Mut, \u201eauf das zu schauen, was uns geschenkt ist und von daher eine Vision f\u00fcr die Kirche der Zukunft zu entwickeln\u201c.&nbsp;<br \/>\n&nbsp; &nbsp; &nbsp;<br \/>\nSowohl Lars Dede, als auch Oberkirchenrat Udo Heinen bedankten sich bei den Anwesenden f\u00fcr die geleistete Arbeit und das pers\u00f6nliche Engagement in den vielf\u00e4ltigen Arbeitsbereichen. Von dieser Vielf\u00e4ltigkeit konnte sich die Synode in den Berichten des Kreispfarrers und der jeweiligen Einrichtungen und Werke \u00fcberzeugen. Die Visitation des Kirchenkreises im Fr\u00fchjahr habe gezeigt, \u201edass es sich lohnt, Neues auszuprobieren und sich an Gelingendem zu erfreuen\u201c so Kreispfarrer Lars Dede. \u201eEine besondere Bedeutung kommt hierbei der Arbeit mit Kindern und Jugendlichen zu, die ein Schwerpunkt der Visitation war. Hier ist es wichtig die Kinder und Jugendlichen zu beteiligen.\u201c F\u00fcr gute Ideen wird sicher auch Pfarrerin Dr. Hanna Keese aus Rastede sorgen, die von den Kreissynodalen zur neuen Kreisjugendpfarrerin gew\u00e4hlt wurde. Ebenso f\u00fcr die Wahl bedanken konnte sich Friedemann H\u00f6nsch, der neben seiner Aufgabe als Gesch\u00e4ftsf\u00fchrer des Evangelischen Bildungswerkes in Zukunft auch das Amt des \u00d6ffentlichkeitsbeauftragten des Kirchenkreise wahrnehmen wird.<br \/>\n&nbsp; &nbsp; &nbsp;<br \/>\nEin weiterer Schwerpunkt der Kreissynode waren die Gemeindekirchenratswahlen. Hierzu berichteten Udo Heinen und Kerstin B\u00f6lts vom Stand der Vorbereitungen. Wahltag ist der 10. M\u00e4rz 2024. Doch schon ab Anfang Februar werden die Gemeindeglieder die Gelegenheit haben, ihre Stimme abzugeben, da die Wahl zum ersten Mal als allgemeine Briefwahl organisiert wird. Auch eine Online-Wahl ist m\u00f6glich. \u201eF\u00fcr die neue Legislaturperiode haben sich bereits viele Kandidatinnen und Kandidaten gefunden. Das ist ein gro\u00dfartiges Zeichen, dass Menschen f\u00fcr ihre Kirche Verantwortung \u00fcbernehmen und die Zukunft mitgestalten m\u00f6chten\u201c so Kreispfarrer Lars Dede.&nbsp;<br \/>\n&nbsp; &nbsp; &nbsp;<br \/>\nDamit alle kirchlichen Aufgaben im Kirchenkreis bewerkstelligt werden k\u00f6nnen, braucht es neben der biblischen Grundlage auch eine gute Finanzlage. So nahm die Synode die Jahresabschl\u00fcsse und die Haushaltsentw\u00fcrfe des Kirchenkreises, des Diakonischen Werkes und des Evangelischen Bildungswerkes ab und beschlossen jeweils die Entlastung f\u00fcr die Verantwortlichen. Die n\u00e4chste Synodentagung wird voraussichtlich Anfang Mai 2024 stattfinden.<\/p>\n<p><em>Ein Bericht von Friedemann H\u00f6nsch<\/em><br \/>\n&nbsp;<\/p>\n<p>Kirche-Oldenburg<br \/>\n<a href=\"https:\/\/www.kirche-oldenburg.de\/\/aktuell\/aus-den-kirchenkreisen\/artikel\/strahlkraft-durch-vielfaeltige-beteiligung\" target=\"_blank\" rel=\"noopener\">Strahlkraft durch vielf\u00e4ltige Beteiligung<\/a><\/p>\n","protected":false},"excerpt":{"rendered":"<p>Das Kirchenparlament des Kirchenkreises Ammerland fand am 3. November in Idafehn zu seiner zehnten Tagung zusammen. Die Kirchengemeinde Idafehn ist eine von zehn Kirchengemeinden des Kirchenkreises Ammerland. Die Synode begann mit einem Gottesdienst. In diesem erstrahlte erstmalig das neue F\u00fcrbitten-Schiff. Dazu entz\u00fcndeten die Anwesenden Kerzen und stecken diese verbunden mit ihren Gebetsanliegen in einen mit Sand bef\u00fcllten Schiffsrumpf. In kurzer Zeit entwickelten die vielen Kerzen zusammen eine gro\u00dfe Helligkeit und W\u00e4rme. Dieses Bild nahm bereits vorweg, was im Verlauf der anschlie\u00dfenden Tagung vielf\u00e4ltig zur Sprache kam: Durch das Engagement von vielen verschiedenen Menschen in Gemeinden, Werken und Einrichtungen wird Kirche&#8230;<\/p>\n","protected":false},"author":7,"featured_media":0,"comment_status":"false","ping_status":"open","sticky":false,"template":"","format":"standard","meta":{"footnotes":""},"categories":[43],"tags":[44],"class_list":["post-25538","post","type-post","status-publish","format-standard","hentry","category-kirche-oldenburg","tag-kirche-oldenburg"],"_links":{"self":[{"href":"https:\/\/christusnews.de\/site\/wp-json\/wp\/v2\/posts\/25538","targetHints":{"allow":["GET"]}}],"collection":[{"href":"https:\/\/christusnews.de\/site\/wp-json\/wp\/v2\/posts"}],"about":[{"href":"https:\/\/christusnews.de\/site\/wp-json\/wp\/v2\/types\/post"}],"author":[{"embeddable":true,"href":"https:\/\/christusnews.de\/site\/wp-json\/wp\/v2\/users\/7"}],"replies":[{"embeddable":true,"href":"https:\/\/christusnews.de\/site\/wp-json\/wp\/v2\/comments?post=25538"}],"version-history":[{"count":1,"href":"https:\/\/christusnews.de\/site\/wp-json\/wp\/v2\/posts\/25538\/revisions"}],"predecessor-version":[{"id":25539,"href":"https:\/\/christusnews.de\/site\/wp-json\/wp\/v2\/posts\/25538\/revisions\/25539"}],"wp:attachment":[{"href":"https:\/\/christusnews.de\/site\/wp-json\/wp\/v2\/media?parent=25538"}],"wp:term":[{"taxonomy":"category","embeddable":true,"href":"https:\/\/christusnews.de\/site\/wp-json\/wp\/v2\/categories?post=25538"},{"taxonomy":"post_tag","embeddable":true,"href":"https:\/\/christusnews.de\/site\/wp-json\/wp\/v2\/tags?post=25538"}],"curies":[{"name":"wp","href":"https:\/\/api.w.org\/{rel}","templated":true}]}}