{"id":25550,"date":"2023-11-10T09:00:00","date_gmt":"2023-11-10T08:00:00","guid":{"rendered":"https:\/\/christusnews.de\/site\/?p=25550"},"modified":"2023-11-06T12:16:26","modified_gmt":"2023-11-06T11:16:26","slug":"das-osterei-in-der-zaubernuss","status":"publish","type":"post","link":"https:\/\/christusnews.de\/site\/das-osterei-in-der-zaubernuss\/","title":{"rendered":"Das Osterei in der Zaubernuss"},"content":{"rendered":"\n<p>Das ging jetzt so schnell, dass ich es kaum mitbekommen habe. Eben waren die Bl\u00e4tter noch gr\u00fcn, pl\u00f6tzlich hat sich die Zaubernuss im Garten bunt gef\u00e4rbt, orange-gelb-rot. Wundersch\u00f6n! Aber nur von kurzer Dauer. Wenige Tage sp\u00e4ter sind sie abgefallen. Der Baum ist kahl, leer \u2014 ziemlich trostlos. Der Winter kommt. Es wird kalt. Das Leben zerf\u00e4llt. Ich werde melancholisch. Die t\u00e4glichen Nachrichten tun ihr \u00fcbriges. Zerfall in der Natur. Zerfall in der Welt. Resigniert betrachte ich den Baum. Doch dann bleibe ich an einer Kleinigkeit h\u00e4ngen, eigentlich sogar mehreren Kleinigkeiten. Ich muss l\u00e4cheln. Ja. Ich wei\u00df, dass sie da waren. Seit April h\u00e4ngen sie da drin. Aber in den Bl\u00e4ttern sind sie untergegangen. Aber jetzt h\u00e4ngen sie gut sichtbar im kahlen Ge\u00e4st. Irgendwie provozierend, trotzig. Die Ostereier. Eine Erinnerung, die gerade jetzt gut tut. Ein Hinweis: \u201eLass dich nicht t\u00e4uschen. Diese Zweige werden wieder austreiben &#8211; sehr fr\u00fch sogar, noch im Winter. Das Leben hat Kraft \u2014 auch wenn es abgestorben erscheint, ans Ende gekommen. Die Welt hat Zukunft &#8211; trotz allem!<\/p>\n\n\n\n<p><\/p>\n\n\n\n<blockquote class=\"wp-block-quote is-layout-flow wp-block-quote-is-layout-flow\">\n<p id=\"block-e1fb04d9-c3be-42c8-a2c8-f0fda48bf077\"><strong>Ulrike Burkardt<\/strong>, <strong>Pfarrerin der Ev.-Luth. Kirchengemeinde Varel<\/strong><\/p>\n\n\n\n<p id=\"block-4856caf7-8571-49e2-9264-db73626b066a\">H<em>\u00f6ren Sie diesen Beitrag bei Radio Jade:<\/em><br><a rel=\"noreferrer noopener\" href=\"http:\/\/www.radio-jade.de\/mediathek\/angedacht\/\" target=\"_blank\"><em>Alle Beitr\u00e4ge im \u00dcberblick | RADIO JADE<\/em><\/a><\/p>\n<\/blockquote>\n","protected":false},"excerpt":{"rendered":"<p>Das ging jetzt so schnell, dass ich es kaum mitbekommen habe. Eben waren die Bl\u00e4tter noch gr\u00fcn, pl\u00f6tzlich hat sich die Zaubernuss im Garten bunt gef\u00e4rbt, orange-gelb-rot. Wundersch\u00f6n! Aber nur von kurzer Dauer. Wenige Tage sp\u00e4ter sind sie abgefallen. Der Baum ist kahl, leer \u2014 ziemlich trostlos. Der Winter kommt. Es wird kalt. Das Leben zerf\u00e4llt. Ich werde melancholisch. Die t\u00e4glichen Nachrichten tun ihr \u00fcbriges. Zerfall in der Natur. Zerfall in der Welt. Resigniert betrachte ich den Baum. Doch dann bleibe ich an einer Kleinigkeit h\u00e4ngen, eigentlich sogar mehreren Kleinigkeiten. Ich muss l\u00e4cheln. Ja. Ich wei\u00df, dass sie da waren&#8230;.<\/p>\n","protected":false},"author":6,"featured_media":1171,"comment_status":"closed","ping_status":"open","sticky":false,"template":"","format":"standard","meta":{"footnotes":""},"categories":[5],"tags":[],"class_list":["post-25550","post","type-post","status-publish","format-standard","has-post-thumbnail","hentry","category-angedacht"],"_links":{"self":[{"href":"https:\/\/christusnews.de\/site\/wp-json\/wp\/v2\/posts\/25550","targetHints":{"allow":["GET"]}}],"collection":[{"href":"https:\/\/christusnews.de\/site\/wp-json\/wp\/v2\/posts"}],"about":[{"href":"https:\/\/christusnews.de\/site\/wp-json\/wp\/v2\/types\/post"}],"author":[{"embeddable":true,"href":"https:\/\/christusnews.de\/site\/wp-json\/wp\/v2\/users\/6"}],"replies":[{"embeddable":true,"href":"https:\/\/christusnews.de\/site\/wp-json\/wp\/v2\/comments?post=25550"}],"version-history":[{"count":1,"href":"https:\/\/christusnews.de\/site\/wp-json\/wp\/v2\/posts\/25550\/revisions"}],"predecessor-version":[{"id":25551,"href":"https:\/\/christusnews.de\/site\/wp-json\/wp\/v2\/posts\/25550\/revisions\/25551"}],"wp:featuredmedia":[{"embeddable":true,"href":"https:\/\/christusnews.de\/site\/wp-json\/wp\/v2\/media\/1171"}],"wp:attachment":[{"href":"https:\/\/christusnews.de\/site\/wp-json\/wp\/v2\/media?parent=25550"}],"wp:term":[{"taxonomy":"category","embeddable":true,"href":"https:\/\/christusnews.de\/site\/wp-json\/wp\/v2\/categories?post=25550"},{"taxonomy":"post_tag","embeddable":true,"href":"https:\/\/christusnews.de\/site\/wp-json\/wp\/v2\/tags?post=25550"}],"curies":[{"name":"wp","href":"https:\/\/api.w.org\/{rel}","templated":true}]}}