{"id":25554,"date":"2023-11-05T12:32:00","date_gmt":"2023-11-05T11:32:00","guid":{"rendered":"https:\/\/christusnews.de\/site\/fruehere-hildesheimer-pastorin-steen-als-bischoefin-eingefuehrt\/"},"modified":"2023-11-06T22:18:06","modified_gmt":"2023-11-06T21:18:06","slug":"fruehere-hildesheimer-pastorin-steen-als-bischoefin-eingefuehrt","status":"publish","type":"post","link":"https:\/\/christusnews.de\/site\/fruehere-hildesheimer-pastorin-steen-als-bischoefin-eingefuehrt\/","title":{"rendered":"Fr\u00fchere Hildesheimer Pastorin Steen als Bisch\u00f6fin eingef\u00fchrt"},"content":{"rendered":"<p class=\"MsoPlainText\">Schleswig\/Hildesheim (epd). Die fr\u00fchere Hildesheimer Pastorin Nora Steen (46) ist am Sonntag in einem Festgottesdienst im St. Petri-Dom zu Schleswig als Bisch\u00f6fin im evangelischen Nordkirchen-Sprengel Schleswig und Holstein eingef\u00fchrt worden. Sie ist die erste Frau in diesem Amt und Nachfolgerin von Bischof Gothart Magaard (68), der zum 1. November in den Ruhestand getreten war. In ihrer Predigt rief Steen laut Redemanuskript zu einer Allianz f\u00fcr Frieden, Menschenw\u00fcrde und Demokratie auf.<\/p>\n<p class=\"MsoPlainText\">&nbsp;<\/p>\n<p class=\"MsoPlainText\">Sie w\u00fcnsche sich, dass Juden, Moslems und Christen eng beieinanderstehen und sich nicht durch fundamentalistische Minderheiten auseinandertreiben lassen. N\u00f6tig sei Friedensarbeit auf allen Ebenen, sagte Steen. Mit Blick auf den Konflikt im Nahen Osten rief sie dazu auf, \u00abunmissverst\u00e4ndlich\u00bb Position zu beziehen. Angesichts antisemitischer Anfeindungen gelte: \u00abWir haben uns radikal und ohne Kompromisse an die Seite unserer j\u00fcdischen Geschwister zu stellen.\u00bb<\/p>\n<p class=\"MsoPlainText\">&nbsp;<\/p>\n<p class=\"MsoPlainText\">Nora Steen wurde 1976 in Braunschweig geboren und studierte evangelische Theologie in Leipzig, Berlin und G\u00f6ttingen. Sie arbeitete als Gemeinde- und Schulpastorin unter anderem in Hildesheim und Lissabon, leitete ein \u00abHaus der Stille\u00bb und sprach das \u00abWort zum Sonntag\u00bb bei der ARD. Seit 2018 leitete sie das Christian-Jensen-Kolleg in Breklum. Nora Steen ist verheiratet und hat mit ihrem Mann drei angenommene Kinder. Landesbischof Ralf Meister (Hannover) sagte laut Redemanuskript, Nora Steen habe es in ihrer bisherigen Arbeit verstanden, zeitgem\u00e4\u00dfe Formen von Kirche zu entwickeln und Menschen daf\u00fcr zu begeistern.<\/p>\n<p class=\"MsoPlainText\">&nbsp;<\/p>\n<p class=\"MsoPlainText\">Der Sprengel Schleswig und Holstein ist mit knapp 870.000 evangelischen Christen der gr\u00f6\u00dfte in der Nordkirche. Zu ihm geh\u00f6ren acht Kirchenkreise mit insgesamt 328 Kirchengemeinden. Mit Steens Amtsantritt sitzen neben Bischof Tilman Jeremias (Sprengel Mecklenburg und Pommern), Bisch\u00f6fin Kirsten Fehrs (Sprengel Hamburg und L\u00fcbeck) und Landesbisch\u00f6fin Kristina K\u00fchnbaum-Schmidt nun drei Frauen im Bischofsrat der Nordkirche.<\/p>\n<p>Kirche-Oldenburg<br \/>\n<a href=\"https:\/\/www.kirche-oldenburg.de\/\/aktuell\/news-niedersachsen\/artikel\/fruehere-hildesheimer-pastorin-steen-als-bischoefin-eingefuehrt\" target=\"_blank\" rel=\"noopener\">Fr\u00fchere Hildesheimer Pastorin Steen als Bisch\u00f6fin eingef\u00fchrt<\/a><\/p>\n","protected":false},"excerpt":{"rendered":"<p>Schleswig\/Hildesheim (epd). Die fr\u00fchere Hildesheimer Pastorin Nora Steen (46) ist am Sonntag in einem Festgottesdienst im St. Petri-Dom zu Schleswig als Bisch\u00f6fin im evangelischen Nordkirchen-Sprengel Schleswig und Holstein eingef\u00fchrt worden. Sie ist die erste Frau in diesem Amt und Nachfolgerin von Bischof Gothart Magaard (68), der zum 1. November in den Ruhestand getreten war. In ihrer Predigt rief Steen laut Redemanuskript zu einer Allianz f\u00fcr Frieden, Menschenw\u00fcrde und Demokratie auf. &nbsp; Sie w\u00fcnsche sich, dass Juden, Moslems und Christen eng beieinanderstehen und sich nicht durch fundamentalistische Minderheiten auseinandertreiben lassen. N\u00f6tig sei Friedensarbeit auf allen Ebenen, sagte Steen. Mit Blick auf&#8230;<\/p>\n","protected":false},"author":7,"featured_media":0,"comment_status":"false","ping_status":"open","sticky":false,"template":"","format":"standard","meta":{"footnotes":""},"categories":[43],"tags":[44],"class_list":["post-25554","post","type-post","status-publish","format-standard","hentry","category-kirche-oldenburg","tag-kirche-oldenburg"],"_links":{"self":[{"href":"https:\/\/christusnews.de\/site\/wp-json\/wp\/v2\/posts\/25554","targetHints":{"allow":["GET"]}}],"collection":[{"href":"https:\/\/christusnews.de\/site\/wp-json\/wp\/v2\/posts"}],"about":[{"href":"https:\/\/christusnews.de\/site\/wp-json\/wp\/v2\/types\/post"}],"author":[{"embeddable":true,"href":"https:\/\/christusnews.de\/site\/wp-json\/wp\/v2\/users\/7"}],"replies":[{"embeddable":true,"href":"https:\/\/christusnews.de\/site\/wp-json\/wp\/v2\/comments?post=25554"}],"version-history":[{"count":1,"href":"https:\/\/christusnews.de\/site\/wp-json\/wp\/v2\/posts\/25554\/revisions"}],"predecessor-version":[{"id":25555,"href":"https:\/\/christusnews.de\/site\/wp-json\/wp\/v2\/posts\/25554\/revisions\/25555"}],"wp:attachment":[{"href":"https:\/\/christusnews.de\/site\/wp-json\/wp\/v2\/media?parent=25554"}],"wp:term":[{"taxonomy":"category","embeddable":true,"href":"https:\/\/christusnews.de\/site\/wp-json\/wp\/v2\/categories?post=25554"},{"taxonomy":"post_tag","embeddable":true,"href":"https:\/\/christusnews.de\/site\/wp-json\/wp\/v2\/tags?post=25554"}],"curies":[{"name":"wp","href":"https:\/\/api.w.org\/{rel}","templated":true}]}}