{"id":25556,"date":"2023-11-04T12:30:00","date_gmt":"2023-11-04T11:30:00","guid":{"rendered":"https:\/\/christusnews.de\/site\/sprecher-kz-gedenkstaetten-erleben-mehr-uebergriffe-von-rechtsextremen\/"},"modified":"2023-11-06T22:18:07","modified_gmt":"2023-11-06T21:18:07","slug":"sprecher-kz-gedenkstaetten-erleben-mehr-uebergriffe-von-rechtsextremen","status":"publish","type":"post","link":"https:\/\/christusnews.de\/site\/sprecher-kz-gedenkstaetten-erleben-mehr-uebergriffe-von-rechtsextremen\/","title":{"rendered":"Sprecher: KZ-Gedenkst\u00e4tten erleben mehr \u00dcbergriffe von Rechtsextremen"},"content":{"rendered":"<p class=\"MsoPlainText\">Osnabr\u00fcck (epd). . KZ-Gedenkst\u00e4tten in Deutschland verzeichnen immer mehr \u00dcbergriffe aus dem rechten Spektrum. \u00abDie Zahl der Vorf\u00e4lle nimmt sp\u00fcrbar zu: Vandalismus durch Hakenkreuz-Schmierereien, Besch\u00e4digungen von Gedenktafeln oder Leugnung der NS-Verbrechen stellen ein Problem in einer ernsthaften Dimension dar\u00bb, sagte Oliver von Wrochem, Leiter der KZ-Gedenkst\u00e4tte Neuengamme und Sprecher der Arbeitsgemeinschaft der KZ-Gedenkst\u00e4tten in Deutschland der \u00abNeuen Osnabr\u00fccker Zeitung\u00bb (Samstag).<\/p>\n<p class=\"MsoPlainText\">&nbsp;<\/p>\n<p class=\"MsoPlainText\">\u00abMenschen mit rechter Gesinnung scheuen sich nicht l\u00e4nger, KZ-Gedenkst\u00e4tten zu besuchen und hier offen rechtsextremistisches Gedankengut zu \u00e4u\u00dfern\u00bb, sagte er. Viele Einrichtungen h\u00e4tten deshalb ihre Hausordnung versch\u00e4rft: \u00abPersonen, die verbotene Symbole tragen, sich offen antisemitisch oder geschichtsrevisionistisch \u00e4u\u00dfern, werden des Gel\u00e4ndes verwiesen.\u00bb Die Vorf\u00e4lle w\u00fcrden zur Anzeige gebracht, sagte von Wrochem. \u00abOft wird aber sehr subtil agiert. Etwa, indem Fragen zur Geschichte gestellt werden, die suggerieren, es habe den Holocaust nicht gegeben.\u00bb<\/p>\n<p class=\"MsoPlainText\">&nbsp;<\/p>\n<p class=\"MsoPlainText\">Von Wrochem sieht bei der Zunahme der Vorf\u00e4lle einen Bezug auch zum j\u00fcngsten Erfolg der AfD: \u00abEine in Teilen rechtsextremistische Partei schneidet bei Wahlen gut ab. Und in Deutschland ist es zu h\u00e4ufig folgenlos, sich antisemitisch, rassistisch, antiziganistisch oder geschichtsrevisionistisch zu \u00e4u\u00dfern. Das alles hat Auswirkungen.\u00bb<\/p>\n<p class=\"MsoPlainText\">&nbsp;<\/p>\n<p class=\"MsoPlainText\">Mit Blick auf die Anti-Israel-Demonstrationen und antisemitische Haltungen auch unter Migranten, sagte von Wrochem: \u00abBislang habe ich in Gedenkst\u00e4tten, die an NS-Unrecht erinnern, keine vermehrten Vorf\u00e4lle beobachtet, die sich unmittelbar darauf zur\u00fcckf\u00fchren lassen.\u00bb<\/p>\n<p>Kirche-Oldenburg<br \/>\n<a href=\"https:\/\/www.kirche-oldenburg.de\/\/aktuell\/news-niedersachsen\/artikel\/sprecher-kz-gedenkstaetten-erleben-mehr-uebergriffe-von-rechtsextremen\" target=\"_blank\" rel=\"noopener\">Sprecher: KZ-Gedenkst\u00e4tten erleben mehr \u00dcbergriffe von Rechtsextremen<\/a><\/p>\n","protected":false},"excerpt":{"rendered":"<p>Osnabr\u00fcck (epd). . KZ-Gedenkst\u00e4tten in Deutschland verzeichnen immer mehr \u00dcbergriffe aus dem rechten Spektrum. \u00abDie Zahl der Vorf\u00e4lle nimmt sp\u00fcrbar zu: Vandalismus durch Hakenkreuz-Schmierereien, Besch\u00e4digungen von Gedenktafeln oder Leugnung der NS-Verbrechen stellen ein Problem in einer ernsthaften Dimension dar\u00bb, sagte Oliver von Wrochem, Leiter der KZ-Gedenkst\u00e4tte Neuengamme und Sprecher der Arbeitsgemeinschaft der KZ-Gedenkst\u00e4tten in Deutschland der \u00abNeuen Osnabr\u00fccker Zeitung\u00bb (Samstag). &nbsp; \u00abMenschen mit rechter Gesinnung scheuen sich nicht l\u00e4nger, KZ-Gedenkst\u00e4tten zu besuchen und hier offen rechtsextremistisches Gedankengut zu \u00e4u\u00dfern\u00bb, sagte er. Viele Einrichtungen h\u00e4tten deshalb ihre Hausordnung versch\u00e4rft: \u00abPersonen, die verbotene Symbole tragen, sich offen antisemitisch oder geschichtsrevisionistisch \u00e4u\u00dfern, werden&#8230;<\/p>\n","protected":false},"author":7,"featured_media":0,"comment_status":"false","ping_status":"open","sticky":false,"template":"","format":"standard","meta":{"footnotes":""},"categories":[43],"tags":[44],"class_list":["post-25556","post","type-post","status-publish","format-standard","hentry","category-kirche-oldenburg","tag-kirche-oldenburg"],"_links":{"self":[{"href":"https:\/\/christusnews.de\/site\/wp-json\/wp\/v2\/posts\/25556","targetHints":{"allow":["GET"]}}],"collection":[{"href":"https:\/\/christusnews.de\/site\/wp-json\/wp\/v2\/posts"}],"about":[{"href":"https:\/\/christusnews.de\/site\/wp-json\/wp\/v2\/types\/post"}],"author":[{"embeddable":true,"href":"https:\/\/christusnews.de\/site\/wp-json\/wp\/v2\/users\/7"}],"replies":[{"embeddable":true,"href":"https:\/\/christusnews.de\/site\/wp-json\/wp\/v2\/comments?post=25556"}],"version-history":[{"count":1,"href":"https:\/\/christusnews.de\/site\/wp-json\/wp\/v2\/posts\/25556\/revisions"}],"predecessor-version":[{"id":25557,"href":"https:\/\/christusnews.de\/site\/wp-json\/wp\/v2\/posts\/25556\/revisions\/25557"}],"wp:attachment":[{"href":"https:\/\/christusnews.de\/site\/wp-json\/wp\/v2\/media?parent=25556"}],"wp:term":[{"taxonomy":"category","embeddable":true,"href":"https:\/\/christusnews.de\/site\/wp-json\/wp\/v2\/categories?post=25556"},{"taxonomy":"post_tag","embeddable":true,"href":"https:\/\/christusnews.de\/site\/wp-json\/wp\/v2\/tags?post=25556"}],"curies":[{"name":"wp","href":"https:\/\/api.w.org\/{rel}","templated":true}]}}