{"id":25602,"date":"2023-11-06T10:30:00","date_gmt":"2023-11-06T09:30:00","guid":{"rendered":"https:\/\/christusnews.de\/site\/bischoefe-gedenken-an-ns-pogrome-hat-unheimliche-aktualitaet\/"},"modified":"2023-11-07T22:18:08","modified_gmt":"2023-11-07T21:18:08","slug":"bischoefe-gedenken-an-ns-pogrome-hat-unheimliche-aktualitaet","status":"publish","type":"post","link":"https:\/\/christusnews.de\/site\/bischoefe-gedenken-an-ns-pogrome-hat-unheimliche-aktualitaet\/","title":{"rendered":"Bisch\u00f6fe: Gedenken an NS-Pogrome hat \u00abunheimliche Aktualit\u00e4t\u00bb"},"content":{"rendered":"<p class=\"MsoPlainText\">Hannover (epd). Die lutherischen Bisch\u00f6fe in Deutschland haben mit Blick auf den 85. Jahrestag der Novemberpogrome am 9. November einen besseren Schutz von J\u00fcdinnen und Juden angemahnt. \u00abDie unheimliche Aktualit\u00e4t des Gedenktags veranlasst uns, eine Selbstverst\u00e4ndlichkeit zu betonen: J\u00fcdisches Leben muss in Deutschland unbeschwert m\u00f6glich sein\u00bb, erkl\u00e4rte die Bischofskonferenz der Vereinigten Evangelisch-Lutherischen Kirche Deutschlands (VELKD) am Montag in Hannover.<\/p>\n<p class=\"MsoPlainText\">&nbsp;<\/p>\n<p class=\"MsoPlainText\">Die Landesbisch\u00f6finnen und -Bisch\u00f6fe der sieben VELKD-Mitgliedskirchen \u00e4u\u00dferten ihre Best\u00fcrzung dar\u00fcber, dass J\u00fcdinnen und Juden in Deutschland erneut durch antisemitisch motivierte sprachliche und reale Gewalt bedroht werden: \u00abEs ist unertr\u00e4glich, wenn mitten in deutschen Gro\u00dfst\u00e4dten antisemitische Parolen gegr\u00f6lt und plakatiert werden, wenn Synagogen, j\u00fcdische Friedh\u00f6fe und Mahnmale polizeilich besch\u00fctzt werden m\u00fcssen, wenn j\u00fcdische Eltern Angst haben, ihre Kinder in Kitas und Schulen zu schicken.\u00bb<\/p>\n<p class=\"MsoPlainText\">&nbsp;<\/p>\n<p class=\"MsoPlainText\">Mit Blick auf Martin Luthers (1483-1546) ber\u00fcchtigte Schm\u00e4hschriften gegen die Juden merken die lutherischen Bisch\u00f6fe an: \u00abDie Berufung auf Martin Luther verpflichtet uns zu einer ausgepr\u00e4gten Sensibilit\u00e4t f\u00fcr jeden despektierlichen Umgang mit der j\u00fcdischen Religion, ihren Gl\u00e4ubigen, ihren heiligen Orten und ihren Symbolen. Luthers antijudaistische Schm\u00e4hungen, auf die sich auch die Nationalsozialisten in ihrem antisemitischen Furor berufen haben, stehen f\u00fcr uns im denkbar gr\u00f6\u00dften Gegensatz zu dem Glauben an den einen Gott, der sich in dem Juden Jesus offenbart hat.\u00bb<\/p>\n<p class=\"MsoPlainText\">&nbsp;<\/p>\n<p class=\"MsoPlainText\">Die Bischofskonferenz rief alle in Deutschland lebenden Menschen dazu auf mitzuhelfen, \u00abdie Nation des einstigen Naziterrors zu einem Land des friedlichen Miteinanders und gegenseitigen Respekts zu machen und als solches zu erhalten\u00bb. Die Vereinigte Evangelisch-Lutherische Kirche Deutschlands (VELKD) wurde 1948 in Eisenach gegr\u00fcndet. Ihr geh\u00f6ren heute sieben Landeskirchen mit rund 7,8 Millionen evangelischen Christen an.<\/p>\n<p class=\"MsoPlainText\">&nbsp;<\/p>\n<p class=\"MsoPlainText\">Die Bischofskonferenz tagt am 9. November in Ulm als Auftakt zur Generalsynode der VELKD, die bis zum 13. November dauert. Sie ist verbunden mit der Synode der Evangelischen Kirche in Deutschland (EKD) vom 11. bis 15. November und der Versammlung der Union Evangelischer Kirchen in der EKD (UEK) vom 11. bis 13. November.<\/p>\n<p>Kirche-Oldenburg<br \/>\n<a href=\"https:\/\/www.kirche-oldenburg.de\/\/aktuell\/news-niedersachsen\/artikel\/bischoefe-gedenken-an-ns-pogrome-hat-unheimliche-aktualitaet\" target=\"_blank\" rel=\"noopener\">Bisch\u00f6fe: Gedenken an NS-Pogrome hat \u00abunheimliche Aktualit\u00e4t\u00bb<\/a><\/p>\n","protected":false},"excerpt":{"rendered":"<p>Hannover (epd). Die lutherischen Bisch\u00f6fe in Deutschland haben mit Blick auf den 85. Jahrestag der Novemberpogrome am 9. November einen besseren Schutz von J\u00fcdinnen und Juden angemahnt. \u00abDie unheimliche Aktualit\u00e4t des Gedenktags veranlasst uns, eine Selbstverst\u00e4ndlichkeit zu betonen: J\u00fcdisches Leben muss in Deutschland unbeschwert m\u00f6glich sein\u00bb, erkl\u00e4rte die Bischofskonferenz der Vereinigten Evangelisch-Lutherischen Kirche Deutschlands (VELKD) am Montag in Hannover. &nbsp; Die Landesbisch\u00f6finnen und -Bisch\u00f6fe der sieben VELKD-Mitgliedskirchen \u00e4u\u00dferten ihre Best\u00fcrzung dar\u00fcber, dass J\u00fcdinnen und Juden in Deutschland erneut durch antisemitisch motivierte sprachliche und reale Gewalt bedroht werden: \u00abEs ist unertr\u00e4glich, wenn mitten in deutschen Gro\u00dfst\u00e4dten antisemitische Parolen gegr\u00f6lt und plakatiert&#8230;<\/p>\n","protected":false},"author":7,"featured_media":0,"comment_status":"false","ping_status":"open","sticky":false,"template":"","format":"standard","meta":{"footnotes":""},"categories":[43],"tags":[44],"class_list":["post-25602","post","type-post","status-publish","format-standard","hentry","category-kirche-oldenburg","tag-kirche-oldenburg"],"_links":{"self":[{"href":"https:\/\/christusnews.de\/site\/wp-json\/wp\/v2\/posts\/25602","targetHints":{"allow":["GET"]}}],"collection":[{"href":"https:\/\/christusnews.de\/site\/wp-json\/wp\/v2\/posts"}],"about":[{"href":"https:\/\/christusnews.de\/site\/wp-json\/wp\/v2\/types\/post"}],"author":[{"embeddable":true,"href":"https:\/\/christusnews.de\/site\/wp-json\/wp\/v2\/users\/7"}],"replies":[{"embeddable":true,"href":"https:\/\/christusnews.de\/site\/wp-json\/wp\/v2\/comments?post=25602"}],"version-history":[{"count":1,"href":"https:\/\/christusnews.de\/site\/wp-json\/wp\/v2\/posts\/25602\/revisions"}],"predecessor-version":[{"id":25603,"href":"https:\/\/christusnews.de\/site\/wp-json\/wp\/v2\/posts\/25602\/revisions\/25603"}],"wp:attachment":[{"href":"https:\/\/christusnews.de\/site\/wp-json\/wp\/v2\/media?parent=25602"}],"wp:term":[{"taxonomy":"category","embeddable":true,"href":"https:\/\/christusnews.de\/site\/wp-json\/wp\/v2\/categories?post=25602"},{"taxonomy":"post_tag","embeddable":true,"href":"https:\/\/christusnews.de\/site\/wp-json\/wp\/v2\/tags?post=25602"}],"curies":[{"name":"wp","href":"https:\/\/api.w.org\/{rel}","templated":true}]}}