{"id":25638,"date":"2023-11-08T08:45:00","date_gmt":"2023-11-08T07:45:00","guid":{"rendered":"https:\/\/christusnews.de\/site\/oldenburg-gedenkt-opfer-der-reichspogromnacht\/"},"modified":"2023-11-09T10:17:19","modified_gmt":"2023-11-09T09:17:19","slug":"oldenburg-gedenkt-opfer-der-reichspogromnacht","status":"publish","type":"post","link":"https:\/\/christusnews.de\/site\/oldenburg-gedenkt-opfer-der-reichspogromnacht\/","title":{"rendered":"Oldenburg gedenkt Opfer der Reichspogromnacht"},"content":{"rendered":"<p class=\"MsoPlainText\">Oldenburg (epd). In Oldenburg haben Oberb\u00fcrgermeister J\u00fcrgen Krogmann (SPD) und Polizeipr\u00e4sident Johann K\u00fchme gemeinsam zur Teilnahme am \u00abErinnerungsgang\u00bb am 10. November aufgerufen. Seit mehr als 40 Jahren setzte Oldenburg an diesem Tag \u00abein Zeichen f\u00fcr die Solidarit\u00e4t mit unseren j\u00fcdischen Mitb\u00fcrgerinnen und Mitb\u00fcrgern &#8211; und zeigt, dass f\u00fcr Rassismus und Fremdenfeindlichkeit in einer offenen Stadt wie Oldenburg kein Platz ist\u00bb, sagte Krogmann am Mittwoch. K\u00fchme f\u00fcgte hinzu: \u00abErinnerung ist die Grundlage f\u00fcr Verantwortung &#8211; f\u00fcr die Verantwortung, dass dieses menschliche Leid niemals wieder geschieht.\u00bb<\/p>\n<p class=\"MsoPlainText\">&nbsp;<\/p>\n<p class=\"MsoPlainText\">Am 9. November 1938 in der sogenannten Reichspogromnacht wurde auch die Oldenburger Synagoge von den Nationalsozialisten zerst\u00f6rt und niedergebrannt. Noch in der Nacht wurden alle j\u00fcdischen M\u00e4nner der Stadt verhaftet und am Morgen danach vor den Augen der Bev\u00f6lkerung durch die Innenstadt getrieben. Am n\u00e4chsten Tag wurden sie ins Konzentrationslager Sachsenhausen bei Berlin deportiert.<\/p>\n<p class=\"MsoPlainText\">&nbsp;<\/p>\n<p class=\"MsoPlainText\">Der \u00abErinnerungsgang\u00bb folgt seit 1981allj\u00e4hrlich der Route durch die Stadt. Seit 2005 \u00fcbernimmt j\u00e4hrlich eine Oldenburger Schule die Schirmherrschaft und unterst\u00fctzt den Arbeitskreis \u00abErinnerungsgang\u00bb mit Workshops und Projekten. In diesem Jahr ist das die Oberschule Osternburg.<\/p>\n<p class=\"MsoPlainText\">&nbsp;<\/p>\n<p class=\"MsoPlainText\">Angesichts des brutalen Angriffs der Terrororganisation Hamas auf Israel am 7. Oktober und den seitdem zahlreichen pro-pal\u00e4stinensischen Demonstrationen sei es wichtig, Flagge zu zeigen und sich eindeutig gegen den Terror zu stellen, unterstrich der Oberb\u00fcrgermeister. \u00abDas sind wir unserer Geschichte, unserer Gegenwart und unserer Zukunft schuldig.\u00bb<\/p>\n<p>Kirche-Oldenburg<br \/>\n<a href=\"https:\/\/www.kirche-oldenburg.de\/\/aktuell\/news-niedersachsen\/artikel\/oldenburg-gedenkt-opfer-der-reichspogromnacht\" target=\"_blank\" rel=\"noopener\">Oldenburg gedenkt Opfer der Reichspogromnacht<\/a><\/p>\n","protected":false},"excerpt":{"rendered":"<p>Oldenburg (epd). In Oldenburg haben Oberb\u00fcrgermeister J\u00fcrgen Krogmann (SPD) und Polizeipr\u00e4sident Johann K\u00fchme gemeinsam zur Teilnahme am \u00abErinnerungsgang\u00bb am 10. November aufgerufen. Seit mehr als 40 Jahren setzte Oldenburg an diesem Tag \u00abein Zeichen f\u00fcr die Solidarit\u00e4t mit unseren j\u00fcdischen Mitb\u00fcrgerinnen und Mitb\u00fcrgern &#8211; und zeigt, dass f\u00fcr Rassismus und Fremdenfeindlichkeit in einer offenen Stadt wie Oldenburg kein Platz ist\u00bb, sagte Krogmann am Mittwoch. K\u00fchme f\u00fcgte hinzu: \u00abErinnerung ist die Grundlage f\u00fcr Verantwortung &#8211; f\u00fcr die Verantwortung, dass dieses menschliche Leid niemals wieder geschieht.\u00bb &nbsp; Am 9. November 1938 in der sogenannten Reichspogromnacht wurde auch die Oldenburger Synagoge von den&#8230;<\/p>\n","protected":false},"author":7,"featured_media":0,"comment_status":"false","ping_status":"open","sticky":false,"template":"","format":"standard","meta":{"footnotes":""},"categories":[43],"tags":[44],"class_list":["post-25638","post","type-post","status-publish","format-standard","hentry","category-kirche-oldenburg","tag-kirche-oldenburg"],"_links":{"self":[{"href":"https:\/\/christusnews.de\/site\/wp-json\/wp\/v2\/posts\/25638","targetHints":{"allow":["GET"]}}],"collection":[{"href":"https:\/\/christusnews.de\/site\/wp-json\/wp\/v2\/posts"}],"about":[{"href":"https:\/\/christusnews.de\/site\/wp-json\/wp\/v2\/types\/post"}],"author":[{"embeddable":true,"href":"https:\/\/christusnews.de\/site\/wp-json\/wp\/v2\/users\/7"}],"replies":[{"embeddable":true,"href":"https:\/\/christusnews.de\/site\/wp-json\/wp\/v2\/comments?post=25638"}],"version-history":[{"count":1,"href":"https:\/\/christusnews.de\/site\/wp-json\/wp\/v2\/posts\/25638\/revisions"}],"predecessor-version":[{"id":25639,"href":"https:\/\/christusnews.de\/site\/wp-json\/wp\/v2\/posts\/25638\/revisions\/25639"}],"wp:attachment":[{"href":"https:\/\/christusnews.de\/site\/wp-json\/wp\/v2\/media?parent=25638"}],"wp:term":[{"taxonomy":"category","embeddable":true,"href":"https:\/\/christusnews.de\/site\/wp-json\/wp\/v2\/categories?post=25638"},{"taxonomy":"post_tag","embeddable":true,"href":"https:\/\/christusnews.de\/site\/wp-json\/wp\/v2\/tags?post=25638"}],"curies":[{"name":"wp","href":"https:\/\/api.w.org\/{rel}","templated":true}]}}