{"id":25640,"date":"2023-11-08T08:44:00","date_gmt":"2023-11-08T07:44:00","guid":{"rendered":"https:\/\/christusnews.de\/site\/diakonie-sparplaene-des-bundes-bedrohen-sozialen-frieden\/"},"modified":"2023-11-09T10:17:19","modified_gmt":"2023-11-09T09:17:19","slug":"diakonie-sparplaene-des-bundes-bedrohen-sozialen-frieden","status":"publish","type":"post","link":"https:\/\/christusnews.de\/site\/diakonie-sparplaene-des-bundes-bedrohen-sozialen-frieden\/","title":{"rendered":"Diakonie: Sparpl\u00e4ne des Bundes bedrohen sozialen Frieden"},"content":{"rendered":"<p class=\"MsoPlainText\">Hannover (epd). Die Diakonie in Niedersachsen hat die Sparvorhaben der Bundesregierung im sozialen Bereich als kurzsichtig kritisiert. \u00abDie vorgesehenen K\u00fcrzungen werden Armut und soziale Ausgrenzung in Deutschland und in Niedersachsen weiter versch\u00e4rfen\u00bb, sagte Diakonie-Vorstandssprecher Hans-Joachim Lenke am Mittwoch in Hannover. Die Basis f\u00fcr ein gelingendes, friedliches und demokratiefestes Zusammenleben in Deutschland sei ein starker und funktionierender Wohlfahrtsstaat. Insbesondere bei der Migrations- und Integrationsberatung sowie bei den Freiwilligendiensten seien jedoch massive K\u00fcrzungen eingeplant.<\/p>\n<p class=\"MsoPlainText\">&nbsp;<\/p>\n<p class=\"MsoPlainText\">Zwar sei es positiv, dass die nieders\u00e4chsische Landesregierung in ihrem Haushaltsentwurf die Migrationsberatung st\u00e4rke, allerdings durchkreuzten die K\u00fcrzungspl\u00e4ne des Bundes das Ansinnen, weiterhin eine gute Integration von Zugewanderten zu f\u00f6rdern. \u00abIn Zeiten h\u00f6chster Zuwanderungszahlen und einem gro\u00dfen Bedarf an ausl\u00e4ndischen Fachkr\u00e4ften erscheint es nahezu absurd, die Mittel zu k\u00fcrzen\u00bb, unterstrich Lenke.<\/p>\n<p class=\"MsoPlainText\">&nbsp;<\/p>\n<p class=\"MsoPlainText\">Mit Blick auf die Freiwilligendienste betonte der Diakonie-Chef, dass diese f\u00fcr junge Menschen oftmals bestimmend f\u00fcr die Berufswahl seien. Rund 60 Prozent der Absolventen entschieden sich f\u00fcr einen Job im Sozial- und Gesundheitsbereich. \u00abDort wie derzeit geplant zu k\u00fcrzen, schw\u00e4cht die Handlungsf\u00e4higkeit im Sozialsektor und macht alle Bem\u00fchungen, die Attraktivit\u00e4t der sozialen, p\u00e4dagogischen und pflegerischen Berufe erlebbar zu machen und zu st\u00e4rken, zunichte\u00bb, kritisierte Lenke.<\/p>\n<p class=\"MsoPlainText\">&nbsp;<\/p>\n<p class=\"MsoPlainText\">Mit einer Kundgebung in Berlin wollten die gro\u00dfen Sozialverb\u00e4nde am Mittwoch gegen die geplanten Einschnitte im Sozialsektor protestieren. Die Pr\u00e4sidentinnen und Vorsitzenden der sechs gr\u00f6\u00dften Verb\u00e4nde wollten Ansprachen halten, darunter Diakonie-Chef Ulrich Lilie und die Pr\u00e4sidentin des Caritas-Verbandes, Eva Maria Welskop-Deffaa.<\/p>\n<p>Kirche-Oldenburg<br \/>\n<a href=\"https:\/\/www.kirche-oldenburg.de\/\/aktuell\/news-niedersachsen\/artikel\/diakonie-sparplaene-des-bundes-bedrohen-sozialen-frieden\" target=\"_blank\" rel=\"noopener\">Diakonie: Sparpl\u00e4ne des Bundes bedrohen sozialen Frieden<\/a><\/p>\n","protected":false},"excerpt":{"rendered":"<p>Hannover (epd). Die Diakonie in Niedersachsen hat die Sparvorhaben der Bundesregierung im sozialen Bereich als kurzsichtig kritisiert. \u00abDie vorgesehenen K\u00fcrzungen werden Armut und soziale Ausgrenzung in Deutschland und in Niedersachsen weiter versch\u00e4rfen\u00bb, sagte Diakonie-Vorstandssprecher Hans-Joachim Lenke am Mittwoch in Hannover. Die Basis f\u00fcr ein gelingendes, friedliches und demokratiefestes Zusammenleben in Deutschland sei ein starker und funktionierender Wohlfahrtsstaat. Insbesondere bei der Migrations- und Integrationsberatung sowie bei den Freiwilligendiensten seien jedoch massive K\u00fcrzungen eingeplant. &nbsp; Zwar sei es positiv, dass die nieders\u00e4chsische Landesregierung in ihrem Haushaltsentwurf die Migrationsberatung st\u00e4rke, allerdings durchkreuzten die K\u00fcrzungspl\u00e4ne des Bundes das Ansinnen, weiterhin eine gute Integration von&#8230;<\/p>\n","protected":false},"author":7,"featured_media":0,"comment_status":"false","ping_status":"open","sticky":false,"template":"","format":"standard","meta":{"footnotes":""},"categories":[43],"tags":[44],"class_list":["post-25640","post","type-post","status-publish","format-standard","hentry","category-kirche-oldenburg","tag-kirche-oldenburg"],"_links":{"self":[{"href":"https:\/\/christusnews.de\/site\/wp-json\/wp\/v2\/posts\/25640","targetHints":{"allow":["GET"]}}],"collection":[{"href":"https:\/\/christusnews.de\/site\/wp-json\/wp\/v2\/posts"}],"about":[{"href":"https:\/\/christusnews.de\/site\/wp-json\/wp\/v2\/types\/post"}],"author":[{"embeddable":true,"href":"https:\/\/christusnews.de\/site\/wp-json\/wp\/v2\/users\/7"}],"replies":[{"embeddable":true,"href":"https:\/\/christusnews.de\/site\/wp-json\/wp\/v2\/comments?post=25640"}],"version-history":[{"count":1,"href":"https:\/\/christusnews.de\/site\/wp-json\/wp\/v2\/posts\/25640\/revisions"}],"predecessor-version":[{"id":25641,"href":"https:\/\/christusnews.de\/site\/wp-json\/wp\/v2\/posts\/25640\/revisions\/25641"}],"wp:attachment":[{"href":"https:\/\/christusnews.de\/site\/wp-json\/wp\/v2\/media?parent=25640"}],"wp:term":[{"taxonomy":"category","embeddable":true,"href":"https:\/\/christusnews.de\/site\/wp-json\/wp\/v2\/categories?post=25640"},{"taxonomy":"post_tag","embeddable":true,"href":"https:\/\/christusnews.de\/site\/wp-json\/wp\/v2\/tags?post=25640"}],"curies":[{"name":"wp","href":"https:\/\/api.w.org\/{rel}","templated":true}]}}