{"id":25645,"date":"2023-11-09T08:07:00","date_gmt":"2023-11-09T07:07:00","guid":{"rendered":"https:\/\/christusnews.de\/site\/noch-15-tage-minderjaehrig-kirchenwahlen-unter-18-jaehrige-treten-in-niedersachsen-erstmals-an\/"},"modified":"2023-11-10T10:17:25","modified_gmt":"2023-11-10T09:17:25","slug":"noch-15-tage-minderjaehrig-kirchenwahlen-unter-18-jaehrige-treten-in-niedersachsen-erstmals-an","status":"publish","type":"post","link":"https:\/\/christusnews.de\/site\/noch-15-tage-minderjaehrig-kirchenwahlen-unter-18-jaehrige-treten-in-niedersachsen-erstmals-an\/","title":{"rendered":"\u00abNoch 15 Tage minderj\u00e4hrig\u00bb &#8211; Kirchenwahlen: Unter 18-J\u00e4hrige treten in Niedersachsen erstmals an"},"content":{"rendered":"<p class=\"MsoPlainText\">Celle (epd). Lea-Sophie Reiss und Lukas Bl\u00fcmke rechnen sich gute Chancen aus. Erstmals d\u00fcrfen in der hannoverschen und oldenburgischen Kirche junge Menschen schon ab 16 Jahren in die Kirchenvorst\u00e4nde gew\u00e4hlt werden. \u00abWenn die Amtszeit im Juni beginnt, bin ich noch 15 Tage lang minderj\u00e4hrig\u00bb, sagt Lukas und l\u00e4chelt verschmitzt. Auch Lea-Sophie ist erst 17. Damit z\u00e4hlen die beiden Jugendlichen aus Celle zu den j\u00fcngsten Kandidatinnen und Kandidaten, die es in der evangelischen Kirche in Niedersachsen und dar\u00fcber hinaus je gegeben hat. Ende Oktober wurden die Wahllisten geschlossen.<\/p>\n<p class=\"MsoPlainText\">&nbsp;<\/p>\n<p class=\"MsoPlainText\">In der braunschweigischen Kirche etwa muss 18 Jahre alt sein, wer sich in dem Leitungs-Gremium der Kirchengemeinde engagieren m\u00f6chte, das mancherorts auch Gemeindekirchenrat oder Presbyterium hei\u00dft. So ist es auch in einer deutlichen Mehrheit der 20 evangelischen Landeskirchen in Deutschland. Nur einzelne von ihnen wie Berlin-Brandenburg oder Baden lassen schon l\u00e4nger Jugendliche ab 16 zu. Andernorts d\u00fcrfen junge Menschen als Delegierte beratend zur Seite stehen, haben aber kein Stimmrecht.<\/p>\n<p class=\"MsoPlainText\">&nbsp;<\/p>\n<p class=\"MsoPlainText\">Lukas hat sich im Celler Stadtteil Blumlage aufstellen lassen, Lea-Sophie im benachbarten Westercelle. Bei Cola, Wasser und Keksen erz\u00e4hlen sie im Gemeindehaus von Westercelle, was sie motiviert. \u00abWir wollen Verantwortung \u00fcbernehmen\u00bb, sagt Lukas. \u00abDas ist auch wichtig f\u00fcrs sp\u00e4tere Leben.\u00bb An den W\u00e4nden des Seminarraumes h\u00e4ngen \u00abSteckbriefe\u00bb der Konfirmandengruppen. Lea-Sophie zeigt auf eines von ihnen, auf dem sie mittendrin steht: \u00abDa war ich Teamerin\u00bb, sagt sie. \u00abBei den &#8216;hotten Karotten&#8217;, wir wollten einen coolen Gruppennamen.\u00bb<\/p>\n<p class=\"MsoPlainText\">&nbsp;<\/p>\n<p class=\"MsoPlainText\">Wie sie engagiert sich auch Lukas unter anderem in der Konfirmandenarbeit. Auch deshalb blicken sie der Wahl zuversichtlich entgegen. \u00abViele kennen mich\u00bb, sagt Lea-Sophie. F\u00fcr ihre Kandidatur mussten sie die Zustimmung der Eltern einholen, das sieht das Gesetz vor. Beide haben schon in Sitzungen der amtierenden Kirchenvorst\u00e4nde reingeschnuppert. Abgesehen vom Jugenddiakon sei dort der J\u00fcngste \u00abgef\u00fchlt so zwischen 45 und 50\u00bb, sagt Lukas. Doch sie haben sich vorgenommen, \u00abauf Augenh\u00f6he\u00bb mitzureden.<\/p>\n<p class=\"MsoPlainText\">&nbsp;<\/p>\n<p class=\"MsoPlainText\">Damit das gelingt und die jungen Neuen am Ball bleiben, m\u00fcssen sich die Kirchenvorst\u00e4nde auf sie einstellen, meint Marie-Sofie Kalis. Die 22-J\u00e4hrige ist im Februar letzten Jahres in das Gremium ihrer Gemeinde in Langenhagen bei Hannover nachger\u00fcckt. Sie will bei der anstehenden Wahl kandidieren und hat inzwischen andere Kirchengemeinden beraten, worauf sie achten sollten. \u00abAm Anfang ist man mit sehr vielem konfrontiert\u00bb, sagt die Pflegefachkraft. \u00abMan fasst Beschl\u00fcsse \u00fcber Geldsummen, die man noch nie in der Hand hatte.\u00bb<\/p>\n<p class=\"MsoPlainText\">&nbsp;<\/p>\n<p class=\"MsoPlainText\">Sie empfiehlt deshalb den Alteingesessenen, nicht f\u00fcr selbstverst\u00e4ndlich zu nehmen, wor\u00fcber beraten wird. Sie sollten dazu ermuntern, Fragen zu stellen und eine Atmosph\u00e4re schaffen, in der sich noch Unerfahrene dies auch trauen. \u00abDas kommt allen zugute, auch den \u00c4lteren\u00bb, sagt sie.<\/p>\n<p class=\"MsoPlainText\">&nbsp;<\/p>\n<p class=\"MsoPlainText\">Marie-Sofie Kalis will sich k\u00fcnftig nicht nur auf die Jugendarbeit reduzieren lassen. Sie hat vor, an einem Schutzkonzept zur Pr\u00e4vention von sexualisierter Gewalt mitzuarbeiten. Gerade weil es noch nicht lange her ist, dass sie ihre Zeit in den Jugendr\u00e4umen und auf Freizeiten verbracht hat, kann sie vielleicht beisteuern, was anderen gar nicht bewusst ist, ist sie \u00fcberzeugt.<\/p>\n<p class=\"MsoPlainText\">&nbsp;<\/p>\n<p class=\"MsoPlainText\">Nach letzten Wahlen 2018 lag das Durchschnittsalter in der hannoverschen Landeskirche bei etwas mehr als 50 Jahren. Nur 2,77 Prozent der Gew\u00e4hlten waren zwischen 18 und 24 Jahre alt. Damit mehr J\u00fcngere in die Gremien einziehen, hat die Landeskirche das Wahlgesetz ge\u00e4ndert. Neben dem gesenkten Alter f\u00fcr die Kandidatur sind daf\u00fcr noch andere Regeln vorgesehen, erl\u00e4utert die Landespastorin f\u00fcr Ehrenamtliche, Susanne Briese. \u00abWenn nach der Wahl unter den Gew\u00e4hlten nicht sowieso schon eine Person unter 27 Jahren ist, soll der Kirchenvorstand einen solchen Menschen berufen.\u00bb<\/p>\n<p class=\"MsoPlainText\">&nbsp;<\/p>\n<p class=\"MsoPlainText\">Vor allem J\u00fcngeren wollen sich oft nicht f\u00fcr eine regul\u00e4re Amtszeit von sechs Jahren binden. Darum k\u00f6nnen sich in der hannoverschen Kirche Interessierte nach dem neuen Gesetz auch f\u00fcr nur drei Jahren aufstellen lassen. Daf\u00fcr haben sich auch Lea-Sophie Reiss und Lukas Bl\u00fcmke entschieden, die beide noch zur Schule gehen.<\/p>\n<p>Kirche-Oldenburg<br \/>\n<a href=\"https:\/\/www.kirche-oldenburg.de\/\/aktuell\/news-niedersachsen\/artikel\/noch-15-tage-minderjaehrig-kirchenwahlen-unter-18-jaehrige-treten-in-niedersachsen-erstmals-an\" target=\"_blank\" rel=\"noopener\">\u00abNoch 15 Tage minderj\u00e4hrig\u00bb &#8211; Kirchenwahlen: Unter 18-J\u00e4hrige treten in Niedersachsen erstmals an<\/a><\/p>\n","protected":false},"excerpt":{"rendered":"<p>Celle (epd). Lea-Sophie Reiss und Lukas Bl\u00fcmke rechnen sich gute Chancen aus. Erstmals d\u00fcrfen in der hannoverschen und oldenburgischen Kirche junge Menschen schon ab 16 Jahren in die Kirchenvorst\u00e4nde gew\u00e4hlt werden. \u00abWenn die Amtszeit im Juni beginnt, bin ich noch 15 Tage lang minderj\u00e4hrig\u00bb, sagt Lukas und l\u00e4chelt verschmitzt. Auch Lea-Sophie ist erst 17. Damit z\u00e4hlen die beiden Jugendlichen aus Celle zu den j\u00fcngsten Kandidatinnen und Kandidaten, die es in der evangelischen Kirche in Niedersachsen und dar\u00fcber hinaus je gegeben hat. Ende Oktober wurden die Wahllisten geschlossen. &nbsp; In der braunschweigischen Kirche etwa muss 18 Jahre alt sein, wer sich&#8230;<\/p>\n","protected":false},"author":7,"featured_media":0,"comment_status":"false","ping_status":"open","sticky":false,"template":"","format":"standard","meta":{"footnotes":""},"categories":[43],"tags":[44],"class_list":["post-25645","post","type-post","status-publish","format-standard","hentry","category-kirche-oldenburg","tag-kirche-oldenburg"],"_links":{"self":[{"href":"https:\/\/christusnews.de\/site\/wp-json\/wp\/v2\/posts\/25645","targetHints":{"allow":["GET"]}}],"collection":[{"href":"https:\/\/christusnews.de\/site\/wp-json\/wp\/v2\/posts"}],"about":[{"href":"https:\/\/christusnews.de\/site\/wp-json\/wp\/v2\/types\/post"}],"author":[{"embeddable":true,"href":"https:\/\/christusnews.de\/site\/wp-json\/wp\/v2\/users\/7"}],"replies":[{"embeddable":true,"href":"https:\/\/christusnews.de\/site\/wp-json\/wp\/v2\/comments?post=25645"}],"version-history":[{"count":1,"href":"https:\/\/christusnews.de\/site\/wp-json\/wp\/v2\/posts\/25645\/revisions"}],"predecessor-version":[{"id":25646,"href":"https:\/\/christusnews.de\/site\/wp-json\/wp\/v2\/posts\/25645\/revisions\/25646"}],"wp:attachment":[{"href":"https:\/\/christusnews.de\/site\/wp-json\/wp\/v2\/media?parent=25645"}],"wp:term":[{"taxonomy":"category","embeddable":true,"href":"https:\/\/christusnews.de\/site\/wp-json\/wp\/v2\/categories?post=25645"},{"taxonomy":"post_tag","embeddable":true,"href":"https:\/\/christusnews.de\/site\/wp-json\/wp\/v2\/tags?post=25645"}],"curies":[{"name":"wp","href":"https:\/\/api.w.org\/{rel}","templated":true}]}}