{"id":25654,"date":"2023-11-10T14:34:41","date_gmt":"2023-11-10T13:34:41","guid":{"rendered":"https:\/\/christusnews.de\/site\/geboren-in-flandern-gestorben-auf-wangerooge\/"},"modified":"2023-11-10T22:17:31","modified_gmt":"2023-11-10T21:17:31","slug":"geboren-in-flandern-gestorben-auf-wangerooge","status":"publish","type":"post","link":"https:\/\/christusnews.de\/site\/geboren-in-flandern-gestorben-auf-wangerooge\/","title":{"rendered":"Geboren in Flandern \u2013 gestorben auf Wangerooge"},"content":{"rendered":"<p>In dem diesj\u00e4hrige Gottesdienst zum Volkstrauertag in der Ev. Nikolaikirche auf Wangerooge am 19. November um 10:30 Uhr gedenkt die Kirchengemeinde Wangerooge des belgischen Zwangsarbeiters Albert Van der Sijpt (1910-1945). Dank eines pers\u00f6nlichen Kontaktes wird beispielhaft das Schicksal eines auf die Insel deportierten Zwangsarbeiters aus Belgien in Erinnerung gerufen. Albert van der Sijpt war zwei Jahre lang nach Deutschland deportiert, bevor er am 25. April 1945 als einer von \u00fcber 300 Toten ein Opfer des schweren Bombardements der Insel Wangerooge wurde.&nbsp;<br \/>\n&nbsp; &nbsp;<br \/>\nEin Enkel des damals jungen Familienvaters war im Sommer 2023 auf der Insel zu Gast, um sich auf die Spurensuche nach seinem Gro\u00dfvater machen. Aus einer Begegnung mit Inselpastor Jan Janssen entwickelte sich ein angeregtes Gespr\u00e4ch. Dazu geh\u00f6rte nicht nur der Austausch von Informationen und der Blick in die Kirchenchronik. Es wurde auch deutlich, wie sehr heute noch nachfolgende Generationen unter dem Verlust eines Gro\u00dfvaters oder anderer Angeh\u00f6riger im Krieg leiden.&nbsp;<br \/>\n&nbsp; &nbsp;<br \/>\nZugleich wurde angesichts des aktuellen Angriffskrieges gegen die Ukraine sp\u00fcrbar, wie uns heute die Geschichte unserer Nachbarl\u00e4nder in den Weltkriegen zur Verantwortung f\u00fcr den Frieden in Europa ruft. So wurde gemeinsam entschieden, das Gedenken an das Schicksal von Albert Van der Sijpt und seiner Familie beispielhaft in einen Gottesdienst einzubeziehen.<br \/>\n&nbsp; &nbsp;<br \/>\nMusikalisch wird der Gottesdienst u.a. mit Liedern aus Flandern, der Heimat Albert Van der Sipts, gestaltet von Elke Henken aus Oldenburg am Akkordeon.<br \/>\n&nbsp;<\/p>\n<p>Kirche-Oldenburg<br \/>\n<a href=\"https:\/\/www.kirche-oldenburg.de\/\/aktuell\/aus-den-kirchenkreisen\/artikel\/geboren-in-flandern-gestorben-auf-wangerooge\" target=\"_blank\" rel=\"noopener\">Geboren in Flandern \u2013 gestorben auf Wangerooge<\/a><\/p>\n","protected":false},"excerpt":{"rendered":"<p>In dem diesj\u00e4hrige Gottesdienst zum Volkstrauertag in der Ev. Nikolaikirche auf Wangerooge am 19. November um 10:30 Uhr gedenkt die Kirchengemeinde Wangerooge des belgischen Zwangsarbeiters Albert Van der Sijpt (1910-1945). Dank eines pers\u00f6nlichen Kontaktes wird beispielhaft das Schicksal eines auf die Insel deportierten Zwangsarbeiters aus Belgien in Erinnerung gerufen. Albert van der Sijpt war zwei Jahre lang nach Deutschland deportiert, bevor er am 25. April 1945 als einer von \u00fcber 300 Toten ein Opfer des schweren Bombardements der Insel Wangerooge wurde.&nbsp; &nbsp; &nbsp; Ein Enkel des damals jungen Familienvaters war im Sommer 2023 auf der Insel zu Gast, um sich&#8230;<\/p>\n","protected":false},"author":7,"featured_media":0,"comment_status":"false","ping_status":"open","sticky":false,"template":"","format":"standard","meta":{"footnotes":""},"categories":[43],"tags":[44],"class_list":["post-25654","post","type-post","status-publish","format-standard","hentry","category-kirche-oldenburg","tag-kirche-oldenburg"],"_links":{"self":[{"href":"https:\/\/christusnews.de\/site\/wp-json\/wp\/v2\/posts\/25654","targetHints":{"allow":["GET"]}}],"collection":[{"href":"https:\/\/christusnews.de\/site\/wp-json\/wp\/v2\/posts"}],"about":[{"href":"https:\/\/christusnews.de\/site\/wp-json\/wp\/v2\/types\/post"}],"author":[{"embeddable":true,"href":"https:\/\/christusnews.de\/site\/wp-json\/wp\/v2\/users\/7"}],"replies":[{"embeddable":true,"href":"https:\/\/christusnews.de\/site\/wp-json\/wp\/v2\/comments?post=25654"}],"version-history":[{"count":1,"href":"https:\/\/christusnews.de\/site\/wp-json\/wp\/v2\/posts\/25654\/revisions"}],"predecessor-version":[{"id":25655,"href":"https:\/\/christusnews.de\/site\/wp-json\/wp\/v2\/posts\/25654\/revisions\/25655"}],"wp:attachment":[{"href":"https:\/\/christusnews.de\/site\/wp-json\/wp\/v2\/media?parent=25654"}],"wp:term":[{"taxonomy":"category","embeddable":true,"href":"https:\/\/christusnews.de\/site\/wp-json\/wp\/v2\/categories?post=25654"},{"taxonomy":"post_tag","embeddable":true,"href":"https:\/\/christusnews.de\/site\/wp-json\/wp\/v2\/tags?post=25654"}],"curies":[{"name":"wp","href":"https:\/\/api.w.org\/{rel}","templated":true}]}}