{"id":25656,"date":"2023-11-10T13:56:17","date_gmt":"2023-11-10T12:56:17","guid":{"rendered":"https:\/\/christusnews.de\/site\/auf-dem-weg-zur-klimaneutralitaet\/"},"modified":"2023-11-10T22:17:32","modified_gmt":"2023-11-10T21:17:32","slug":"auf-dem-weg-zur-klimaneutralitaet","status":"publish","type":"post","link":"https:\/\/christusnews.de\/site\/auf-dem-weg-zur-klimaneutralitaet\/","title":{"rendered":"Auf dem Weg zur Klimaneutralit\u00e4t"},"content":{"rendered":"<p>Am Mittwoch, 8. November, ist die Synode des Ev.-luth. Kirchenkreises Wesermarsch im Paul-Gerhard Haus in Brake zu ihrer Herbsttagung zusammengekommen. Die Andacht zum Auftakt hielt Pastor Philipp Nicolaus aus Elsfleth. Eine Neuerung erwartete die Gemeinde schon beim Betreten der Kirche: Aufgrund der unbefriedigenden Akustik im Kirchraum wurden Kopfh\u00f6rer ausgeteilt, \u00fcber die die Synodalgemeinde den Worten des Pastors gut folgen konnten.<br \/>\n&nbsp; &nbsp;<br \/>\nDer thematische Schwerpunkt des Treffens lag in einem Bericht des Klimarates. Dieser war im Fr\u00fchjahr 2022 eingesetzt worden, um die Kirchengemeinden auf dem Weg hin zur Klimaneutralit\u00e4t zu beraten. Der Vorsitzende der Kreissynode, Rechtsanwalt Jost Richter, stellte zun\u00e4chst die bisherigen Ergebnisse des Klimarates dar. Anschlie\u00dfend beschrieb Felix Rodenjohann, Gesch\u00e4ftsf\u00fchrer des Unternehmens ansvar 2030 und ehrenamtliches Mitglied des Klimarates, einen Weg, den der Klimarat mit seiner Expertise erarbeitet hat. Der sieht die Gr\u00fcndung einer Energiegenossenschaft vor. Mit deren Hilfe sollen Investitionen m\u00f6glich werden, durch die kosteng\u00fcnstige erneuerbare Energie f\u00fcr die Kirchengemeinden zur Verf\u00fcgung gestellt werden kann.<br \/>\n&nbsp; &nbsp;<br \/>\nKreispfarrerin Christiane Geerken-Thomas unterst\u00fctzte den Antrag und stellte ihn in Verbindung mit dem Klimaschutzgesetz der Gesamtkirche. Dieses soll in zwei Wochen verabschiedet werden und die Gemeinden entsprechend der Vorlage dazu verpflichten, bis zum Jahr 2045 klimaneutral zu werden. Die Synodale Annegret Conrady merkte an, dass in der n\u00f6rdlichen Wesermarsch schon jetzt keine Fl\u00e4chen mehr vorhanden seien, die f\u00fcr die Erzeugung regenerativer Energien zur Verf\u00fcgung st\u00fcnden. Die Kreispfarrerin erg\u00e4nzte daraufhin, dass der Weg zur Klimaneutralit\u00e4t seitens der Kirche nur im Gespr\u00e4ch mit der Landwirtschaft gegangen werden k\u00f6nne. Hierzu habe es bereits einen Kontakt mit dem Kreislandvolkverband gegeben.<br \/>\n&nbsp; &nbsp;<br \/>\nIm abschlie\u00dfenden Beschluss der Synode wurded der Klimarat beauftragt, Investitionsm\u00f6glichkeiten in erneuerbare Energien zu pr\u00fcfen und diese auf einer weiteren Synodaltagung vorzustellen.&nbsp;<br \/>\n&nbsp; &nbsp;<br \/>\nWeitere Themen waren die Abnahme der Jahresrechnung f\u00fcr das Jahr 2021 und die Verabschiedung des Haushaltsplanes f\u00fcr das kommende Jahr. Beide Zahlenwerke stellte der Leiter der Regionalen Dienststelle Wesermarsch, Matthias Hadeler, vor. Au\u00dferdem konnte er den Synodalen berichten, dass seine Dienststelle im Oktober alle Er\u00f6ffnungsbilanzen erstellt habe. Dies bedeute einen gro\u00dfen Schritt f\u00fcr die Umstellung des kirchlichen Buchungswesens.<br \/>\n&nbsp; &nbsp;<br \/>\nSchlie\u00dflich hatte die Synode ein stellvertretendes nichttheologisches Mitglied in die Landessynode zu entsenden. F\u00fcr dieses Amt kandidierte Ingbert Plewka aus Nordenham. Er wurde ohne Gegenstimme gew\u00e4hlt.<\/p>\n<p><em>Ein Beitrag von Dietmar Reumann-Cla\u00dfen.<\/em><\/p>\n<p>Kirche-Oldenburg<br \/>\n<a href=\"https:\/\/www.kirche-oldenburg.de\/\/aktuell\/aus-den-kirchenkreisen\/artikel\/auf-dem-weg-zur-klimaneutralitaet\" target=\"_blank\" rel=\"noopener\">Auf dem Weg zur Klimaneutralit\u00e4t<\/a><\/p>\n","protected":false},"excerpt":{"rendered":"<p>Am Mittwoch, 8. November, ist die Synode des Ev.-luth. Kirchenkreises Wesermarsch im Paul-Gerhard Haus in Brake zu ihrer Herbsttagung zusammengekommen. Die Andacht zum Auftakt hielt Pastor Philipp Nicolaus aus Elsfleth. Eine Neuerung erwartete die Gemeinde schon beim Betreten der Kirche: Aufgrund der unbefriedigenden Akustik im Kirchraum wurden Kopfh\u00f6rer ausgeteilt, \u00fcber die die Synodalgemeinde den Worten des Pastors gut folgen konnten. &nbsp; &nbsp; Der thematische Schwerpunkt des Treffens lag in einem Bericht des Klimarates. Dieser war im Fr\u00fchjahr 2022 eingesetzt worden, um die Kirchengemeinden auf dem Weg hin zur Klimaneutralit\u00e4t zu beraten. Der Vorsitzende der Kreissynode, Rechtsanwalt Jost Richter, stellte zun\u00e4chst&#8230;<\/p>\n","protected":false},"author":7,"featured_media":0,"comment_status":"false","ping_status":"open","sticky":false,"template":"","format":"standard","meta":{"footnotes":""},"categories":[43],"tags":[44],"class_list":["post-25656","post","type-post","status-publish","format-standard","hentry","category-kirche-oldenburg","tag-kirche-oldenburg"],"_links":{"self":[{"href":"https:\/\/christusnews.de\/site\/wp-json\/wp\/v2\/posts\/25656","targetHints":{"allow":["GET"]}}],"collection":[{"href":"https:\/\/christusnews.de\/site\/wp-json\/wp\/v2\/posts"}],"about":[{"href":"https:\/\/christusnews.de\/site\/wp-json\/wp\/v2\/types\/post"}],"author":[{"embeddable":true,"href":"https:\/\/christusnews.de\/site\/wp-json\/wp\/v2\/users\/7"}],"replies":[{"embeddable":true,"href":"https:\/\/christusnews.de\/site\/wp-json\/wp\/v2\/comments?post=25656"}],"version-history":[{"count":1,"href":"https:\/\/christusnews.de\/site\/wp-json\/wp\/v2\/posts\/25656\/revisions"}],"predecessor-version":[{"id":25657,"href":"https:\/\/christusnews.de\/site\/wp-json\/wp\/v2\/posts\/25656\/revisions\/25657"}],"wp:attachment":[{"href":"https:\/\/christusnews.de\/site\/wp-json\/wp\/v2\/media?parent=25656"}],"wp:term":[{"taxonomy":"category","embeddable":true,"href":"https:\/\/christusnews.de\/site\/wp-json\/wp\/v2\/categories?post=25656"},{"taxonomy":"post_tag","embeddable":true,"href":"https:\/\/christusnews.de\/site\/wp-json\/wp\/v2\/tags?post=25656"}],"curies":[{"name":"wp","href":"https:\/\/api.w.org\/{rel}","templated":true}]}}