{"id":25660,"date":"2023-11-12T18:20:46","date_gmt":"2023-11-12T17:20:46","guid":{"rendered":"https:\/\/christusnews.de\/site\/klima-kreissynode-reduziert-ihre-eigenen-co2-emissionen-um-50-prozent\/"},"modified":"2023-11-12T22:17:26","modified_gmt":"2023-11-12T21:17:26","slug":"klima-kreissynode-reduziert-ihre-eigenen-co2-emissionen-um-50-prozent","status":"publish","type":"post","link":"https:\/\/christusnews.de\/site\/klima-kreissynode-reduziert-ihre-eigenen-co2-emissionen-um-50-prozent\/","title":{"rendered":"Klima-Kreissynode reduziert ihre eigenen CO2-Emissionen um 50 Prozent"},"content":{"rendered":"<p>Hauptthema der Kreissynode des ev.-luth. Kirchenkreises Delmenhorst\/Oldenburg-Land auf ihrer Herbsttagung am Freitag, den 10. November, waren die Herausforderungen auf dem verabredeten gemeinsamen Weg zur Klimaneutralit\u00e4t zu 90 Prozent im Jahr 2035 und zu 100 Prozent im Jahr 2045. Zu Beginn der Tagung jedoch erkl\u00e4rte der Vorsitzende der Kreissynode, Dr. Detlev Lauh\u00f6fer, die uneingeschr\u00e4nkte Solidarit\u00e4t des Kirchenkreises mit Israel und den J\u00fcdinnen und Juden in Deutschland, in Delmenhorst und im Landkreis. Kreispfarrer Bertram Althausen betonte: \u201eAlle J\u00fcdinnen und Juden sollen wissen: Wir Christinnen und Christen stehen an ihrer Seite! Wir widersprechen, wenn antisemitische und judenfeindliche Worte und Reden zu h\u00f6ren sind und wenn antisemitische Verschw\u00f6rungstheorien verbreitet werden.\u201c<br \/>\n&nbsp; &nbsp;<br \/>\nDie Kreissynode, die sich diesmal im Heilig-Geist-Gemeindehaus in Delmenhorst traf, konnte bei ihrer Tagung selbst den CO2-Aussto\u00df im Vergleich zu vorherigen Tagungen um ca. 50 % reduzieren. Einen erheblichen Anteil hatten dabei der Verzicht auf das Heizen in der Kirche f\u00fcr die Andacht zur Er\u00f6ffnung der Kreissynode sowie die Umstellung auf eine regionale, saisonale und vegane Ern\u00e4hrung beim Imbiss f\u00fcr die ca. 50 Kreissynodalen und G\u00e4ste. Alle waren sich einig, die erreichten Emissions-Standards auch in Zukunft beizubehalten und m\u00f6glichst sogar weiterzuentwickeln. \u201eKlimaschutz und Sch\u00f6pfungsbewahrung sind in den n\u00e4chsten Jahren unsere absolut wichtigsten Ziele\u201c, betonte Kreispfarrer Althausen.<br \/>\n&nbsp; &nbsp;<br \/>\nIn ihrem Vortrag erl\u00e4uterte die Umwelt- und Klimaschutzbeauftragte der oldenburgischen Kirche, Andrea Feyen, die riesigen Herausforderungen f\u00fcr die Kirchengemeinden und kirchlichen Einrichtungen auf dem Weg zur Klimaneutralit\u00e4t. Sie empfahl aber auch leicht praktizierbare und konkrete Schritte zur Umsetzung.<br \/>\n&nbsp; &nbsp;<br \/>\nNach anf\u00e4nglichem Z\u00f6gern beteiligten sich die Delegierten aus den Kirchengemeinden mit Spa\u00df und Kreativit\u00e4t an einem Planspiel \u201eWie machen wir unser Gemeindehaus klimaneutral?\u201c Und schon bald waren sie dabei, W\u00e4rmepumpen zu installieren, Photovoltaikanlagen auf dem Kirchendach anzubringen und die W\u00e4nde neu zu d\u00e4mmen. Nicht mehr ben\u00f6tigte Gemeindeh\u00e4user wurden im Spiel ganz unkompliziert zur Finanzierung der Klimaschutzma\u00dfnahmen verkauft.<br \/>\n&nbsp; &nbsp;<br \/>\nDie Kreissynode w\u00e4hlte schlie\u00dflich den Kirchen\u00e4ltesten Helge Treiber aus Ganderkesee als neues Mitglied in den Kreiskirchenrat, das Leitungsgremium des Kirchenkreises. Und sie beschloss den umf\u00e4nglichen Haushaltsplan 2024 f\u00fcr den Kirchenkreis und seine Einrichtungen. Dazu geh\u00f6rt auch der weiter wachsende Kita-Verbund \u201eevkita doll\u201c, der nun ab Januar 2024 auch die evangelischen Kitas aus Wildeshausen in seine Tr\u00e4gerschaft und Verantwortung \u00fcbernimmt.<\/p>\n<p>Kirche-Oldenburg<br \/>\n<a href=\"https:\/\/www.kirche-oldenburg.de\/\/aktuell\/aus-den-kirchenkreisen\/artikel\/klima-kreissynode-reduziert-ihre-eigenen-co2-emissionen-um-50-prozent\" target=\"_blank\" rel=\"noopener\">Klima-Kreissynode reduziert ihre eigenen CO2-Emissionen um 50 Prozent<\/a><\/p>\n","protected":false},"excerpt":{"rendered":"<p>Hauptthema der Kreissynode des ev.-luth. Kirchenkreises Delmenhorst\/Oldenburg-Land auf ihrer Herbsttagung am Freitag, den 10. November, waren die Herausforderungen auf dem verabredeten gemeinsamen Weg zur Klimaneutralit\u00e4t zu 90 Prozent im Jahr 2035 und zu 100 Prozent im Jahr 2045. Zu Beginn der Tagung jedoch erkl\u00e4rte der Vorsitzende der Kreissynode, Dr. Detlev Lauh\u00f6fer, die uneingeschr\u00e4nkte Solidarit\u00e4t des Kirchenkreises mit Israel und den J\u00fcdinnen und Juden in Deutschland, in Delmenhorst und im Landkreis. Kreispfarrer Bertram Althausen betonte: \u201eAlle J\u00fcdinnen und Juden sollen wissen: Wir Christinnen und Christen stehen an ihrer Seite! Wir widersprechen, wenn antisemitische und judenfeindliche Worte und Reden zu h\u00f6ren sind&#8230;<\/p>\n","protected":false},"author":7,"featured_media":0,"comment_status":"false","ping_status":"open","sticky":false,"template":"","format":"standard","meta":{"footnotes":""},"categories":[43],"tags":[44],"class_list":["post-25660","post","type-post","status-publish","format-standard","hentry","category-kirche-oldenburg","tag-kirche-oldenburg"],"_links":{"self":[{"href":"https:\/\/christusnews.de\/site\/wp-json\/wp\/v2\/posts\/25660","targetHints":{"allow":["GET"]}}],"collection":[{"href":"https:\/\/christusnews.de\/site\/wp-json\/wp\/v2\/posts"}],"about":[{"href":"https:\/\/christusnews.de\/site\/wp-json\/wp\/v2\/types\/post"}],"author":[{"embeddable":true,"href":"https:\/\/christusnews.de\/site\/wp-json\/wp\/v2\/users\/7"}],"replies":[{"embeddable":true,"href":"https:\/\/christusnews.de\/site\/wp-json\/wp\/v2\/comments?post=25660"}],"version-history":[{"count":1,"href":"https:\/\/christusnews.de\/site\/wp-json\/wp\/v2\/posts\/25660\/revisions"}],"predecessor-version":[{"id":25661,"href":"https:\/\/christusnews.de\/site\/wp-json\/wp\/v2\/posts\/25660\/revisions\/25661"}],"wp:attachment":[{"href":"https:\/\/christusnews.de\/site\/wp-json\/wp\/v2\/media?parent=25660"}],"wp:term":[{"taxonomy":"category","embeddable":true,"href":"https:\/\/christusnews.de\/site\/wp-json\/wp\/v2\/categories?post=25660"},{"taxonomy":"post_tag","embeddable":true,"href":"https:\/\/christusnews.de\/site\/wp-json\/wp\/v2\/tags?post=25660"}],"curies":[{"name":"wp","href":"https:\/\/api.w.org\/{rel}","templated":true}]}}