{"id":25673,"date":"2023-11-12T15:26:00","date_gmt":"2023-11-12T14:26:00","guid":{"rendered":"https:\/\/christusnews.de\/site\/israel-demonstrationen-in-oldenburg-verlaufen-friedlich\/"},"modified":"2023-11-13T22:17:37","modified_gmt":"2023-11-13T21:17:37","slug":"israel-demonstrationen-in-oldenburg-verlaufen-friedlich","status":"publish","type":"post","link":"https:\/\/christusnews.de\/site\/israel-demonstrationen-in-oldenburg-verlaufen-friedlich\/","title":{"rendered":"Israel-Demonstrationen in Oldenburg verlaufen friedlich"},"content":{"rendered":"<p class=\"MsoPlainText\">Oldenburg (epd). Gleich zweifach haben am Samstag Menschen in Oldenburg mit Bezug zu Israel und Pal\u00e4stina demonstriert. Unter dem Thema \u00abWaffenruhe im Gazastreifen\u00bb fanden sich nach Polizeiangaben in der Spitze bis zu 130 Menschen auf dem Julius-Mosen-Platz ein. Das Junge Forum der Deutsch-Israelischen Gesellschaft Oldenburg kritisierte die Veranstaltung unterdessen als \u00ab&#8217;Pro Pal\u00e4stina&#8217; Kundgebung, welche schon in ihrem Aufruf die Hamas von der Schuld an den get\u00f6teten Zivilisten freisprach\u00bb.<\/p>\n<p class=\"MsoPlainText\">&nbsp;<\/p>\n<p class=\"MsoPlainText\">Einem Aufruf des Jungen Forums folgend hatten gleichzeitig rund 160 Personen auf dem Bahnhofsplatz unter der \u00dcberschrift \u00abSolidarit\u00e4t mit Israel\u00bb demonstriert. Dort forderten sie ein konsequentes Verbot antisemitischer Veranstaltungen und das entschiedene Bek\u00e4mpfen antisemitischer Handlungen und Straftaten.<\/p>\n<p class=\"MsoPlainText\">&nbsp;<\/p>\n<p class=\"MsoPlainText\">Die Polizei Oldenburg und die Stadt Oldenburg begleiteten nach eigenen Angaben die Kundgebungen mit starken Kr\u00e4ften, um eine ungest\u00f6rte Grundrechtsaus\u00fcbung zu gew\u00e4hrleisten und eventuelle Straftaten zu verhindern beziehungsweise zu verfolgen, hie\u00df es. Beide Demonstrationen seien friedlich verlaufen.<\/p>\n<p>Kirche-Oldenburg<br \/>\n<a href=\"https:\/\/www.kirche-oldenburg.de\/\/aktuell\/news-niedersachsen\/artikel\/israel-demonstrationen-in-oldenburg-verlaufen-friedlich\" target=\"_blank\" rel=\"noopener\">Israel-Demonstrationen in Oldenburg verlaufen friedlich<\/a><\/p>\n","protected":false},"excerpt":{"rendered":"<p>Oldenburg (epd). Gleich zweifach haben am Samstag Menschen in Oldenburg mit Bezug zu Israel und Pal\u00e4stina demonstriert. Unter dem Thema \u00abWaffenruhe im Gazastreifen\u00bb fanden sich nach Polizeiangaben in der Spitze bis zu 130 Menschen auf dem Julius-Mosen-Platz ein. Das Junge Forum der Deutsch-Israelischen Gesellschaft Oldenburg kritisierte die Veranstaltung unterdessen als \u00ab&#8217;Pro Pal\u00e4stina&#8217; Kundgebung, welche schon in ihrem Aufruf die Hamas von der Schuld an den get\u00f6teten Zivilisten freisprach\u00bb. &nbsp; Einem Aufruf des Jungen Forums folgend hatten gleichzeitig rund 160 Personen auf dem Bahnhofsplatz unter der \u00dcberschrift \u00abSolidarit\u00e4t mit Israel\u00bb demonstriert. Dort forderten sie ein konsequentes Verbot antisemitischer Veranstaltungen und das&#8230;<\/p>\n","protected":false},"author":7,"featured_media":0,"comment_status":"false","ping_status":"open","sticky":false,"template":"","format":"standard","meta":{"footnotes":""},"categories":[43],"tags":[44],"class_list":["post-25673","post","type-post","status-publish","format-standard","hentry","category-kirche-oldenburg","tag-kirche-oldenburg"],"_links":{"self":[{"href":"https:\/\/christusnews.de\/site\/wp-json\/wp\/v2\/posts\/25673","targetHints":{"allow":["GET"]}}],"collection":[{"href":"https:\/\/christusnews.de\/site\/wp-json\/wp\/v2\/posts"}],"about":[{"href":"https:\/\/christusnews.de\/site\/wp-json\/wp\/v2\/types\/post"}],"author":[{"embeddable":true,"href":"https:\/\/christusnews.de\/site\/wp-json\/wp\/v2\/users\/7"}],"replies":[{"embeddable":true,"href":"https:\/\/christusnews.de\/site\/wp-json\/wp\/v2\/comments?post=25673"}],"version-history":[{"count":1,"href":"https:\/\/christusnews.de\/site\/wp-json\/wp\/v2\/posts\/25673\/revisions"}],"predecessor-version":[{"id":25674,"href":"https:\/\/christusnews.de\/site\/wp-json\/wp\/v2\/posts\/25673\/revisions\/25674"}],"wp:attachment":[{"href":"https:\/\/christusnews.de\/site\/wp-json\/wp\/v2\/media?parent=25673"}],"wp:term":[{"taxonomy":"category","embeddable":true,"href":"https:\/\/christusnews.de\/site\/wp-json\/wp\/v2\/categories?post=25673"},{"taxonomy":"post_tag","embeddable":true,"href":"https:\/\/christusnews.de\/site\/wp-json\/wp\/v2\/tags?post=25673"}],"curies":[{"name":"wp","href":"https:\/\/api.w.org\/{rel}","templated":true}]}}