{"id":25675,"date":"2023-11-11T15:24:00","date_gmt":"2023-11-11T14:24:00","guid":{"rendered":"https:\/\/christusnews.de\/site\/kinderbuchmesse-mit-partnerland-schweiz-eroeffnet\/"},"modified":"2023-11-13T22:17:38","modified_gmt":"2023-11-13T21:17:38","slug":"kinderbuchmesse-mit-partnerland-schweiz-eroeffnet","status":"publish","type":"post","link":"https:\/\/christusnews.de\/site\/kinderbuchmesse-mit-partnerland-schweiz-eroeffnet\/","title":{"rendered":"Kinderbuchmesse mit Partnerland Schweiz er\u00f6ffnet"},"content":{"rendered":"<p class=\"MsoPlainText\">Oldenburg (epd). Unter den Kl\u00e4ngen von Alph\u00f6rnern hat am Sonnabend Deutschlands gr\u00f6\u00dfte nicht-kommerzielle Kinder- und Jugendbuchmesse \u00abKibum\u00bb begonnen. \u00abGr\u00fcezi! Kibum trifft Schweiz\u00bb lautet das Motto zur 49. Auflage der Messe, zu der bis zum 21. November wieder Tausende junge und erwachsene Lesebegeisterte erwartet werden, um in den mehr als 2.200 Neuerscheinungen der Kinder- und Jugendliteratur aus dem deutschsprachigen Raum zu schm\u00f6kern.<\/p>\n<p class=\"MsoPlainText\">&nbsp;<\/p>\n<p class=\"MsoPlainText\">Begleitet wird die Messe im Oldenburger Kulturzentrum PFL von einem vielf\u00e4ltigen Begleitprogramm mit insgesamt rund 250 Einzelveranstaltungen, erl\u00e4uterte die Leiterin des st\u00e4dtischen Kulturamtes, Christiane Cordes. Dazu z\u00e4hlten Ausstellungen, Lesungen, Workshops, Musik, Theater und ein Kinderfilmfestival. Zahlreiche Schweizer Autoren und Illustratorinnen werden ihre Arbeiten vorstellen und auch Kitas und Grundschulen besuchen.<\/p>\n<p class=\"MsoPlainText\">&nbsp;<\/p>\n<p class=\"MsoPlainText\">Die Kibum wolle einen essenziellen Beitrag zur Lesef\u00f6rderung leisten, betonte Cordes. J\u00fcngste Studien zeigten, dass bundesweit mehr als drei Millionen Kinder nicht richtig lesen k\u00f6nnen. Darum sei die Nominierung der Kibum f\u00fcr den Deutschen Lesepreis 2024 eine Ehre.<\/p>\n<p class=\"MsoPlainText\">&nbsp;<\/p>\n<p class=\"MsoPlainText\">Alle f\u00fcr die Kibum eingeworbenen B\u00fccher k\u00f6nnen ab sofort im Internet unter <a href=\"http:\/\/www.kibum.de\">www.kibum.de<\/a> eingesehen werden, berichtete Christian K\u00fchn vom Bibliotheks- und Informationssystem der Oldenburger Universit\u00e4t. Dort seien Leseproben und weitere Informationen zu finden.<\/p>\n<p class=\"MsoPlainText\">&nbsp;<\/p>\n<p class=\"MsoPlainText\">K\u00fchn zufolge spiegeln die Werke der Autorinnen und Autoren Alltagserfahrungen von Kindern und Jugendlichen wider. Zudem seien sie gesellschaftliche und politische Seismografen. Darum z\u00e4hlten etwa der Umweltschutz und Umwelts\u00fcnden, Krieg und Frieden oder gesellschaftliche Teilhabe zu den wichtigen Themen der Kinder- und Jugendliteratur. \u00abDemokratiebildung beginnt bereits im Kindergarten\u00bb, sagte der Kinderbuchexperte. \u00abDort m\u00fcssen die Kinder lernen, zu teilen.\u00bb<\/p>\n<p class=\"MsoPlainText\">&nbsp;<\/p>\n<p class=\"MsoPlainText\">Traditionell wird w\u00e4hrend der Messe am 20. November wieder der mit 8.000 Euro dotierte \u00abKibum-Preis\u00bb verliehen. In diesem Jahr seien 232 Erstlingswerke, darunter 147 Manuskripte und 85 bereits verlegte B\u00fccher eingereicht, von der Jury gesichtet und beurteilt worden. Die Auszeichnung gilt als einer der wichtigsten Jugendbuchpreise in Deutschland und wird j\u00e4hrlich an Autoren und Illustratoren verliehen, die erstmals mit einem eigenst\u00e4ndigen Werk an die \u00d6ffentlichkeit treten.<\/p>\n<p>Kirche-Oldenburg<br \/>\n<a href=\"https:\/\/www.kirche-oldenburg.de\/\/aktuell\/news-niedersachsen\/artikel\/kinderbuchmesse-mit-partnerland-schweiz-eroeffnet\" target=\"_blank\" rel=\"noopener\">Kinderbuchmesse mit Partnerland Schweiz er\u00f6ffnet<\/a><\/p>\n","protected":false},"excerpt":{"rendered":"<p>Oldenburg (epd). Unter den Kl\u00e4ngen von Alph\u00f6rnern hat am Sonnabend Deutschlands gr\u00f6\u00dfte nicht-kommerzielle Kinder- und Jugendbuchmesse \u00abKibum\u00bb begonnen. \u00abGr\u00fcezi! Kibum trifft Schweiz\u00bb lautet das Motto zur 49. Auflage der Messe, zu der bis zum 21. November wieder Tausende junge und erwachsene Lesebegeisterte erwartet werden, um in den mehr als 2.200 Neuerscheinungen der Kinder- und Jugendliteratur aus dem deutschsprachigen Raum zu schm\u00f6kern. &nbsp; Begleitet wird die Messe im Oldenburger Kulturzentrum PFL von einem vielf\u00e4ltigen Begleitprogramm mit insgesamt rund 250 Einzelveranstaltungen, erl\u00e4uterte die Leiterin des st\u00e4dtischen Kulturamtes, Christiane Cordes. Dazu z\u00e4hlten Ausstellungen, Lesungen, Workshops, Musik, Theater und ein Kinderfilmfestival. Zahlreiche Schweizer Autoren&#8230;<\/p>\n","protected":false},"author":7,"featured_media":0,"comment_status":"false","ping_status":"open","sticky":false,"template":"","format":"standard","meta":{"footnotes":""},"categories":[43],"tags":[44],"class_list":["post-25675","post","type-post","status-publish","format-standard","hentry","category-kirche-oldenburg","tag-kirche-oldenburg"],"_links":{"self":[{"href":"https:\/\/christusnews.de\/site\/wp-json\/wp\/v2\/posts\/25675","targetHints":{"allow":["GET"]}}],"collection":[{"href":"https:\/\/christusnews.de\/site\/wp-json\/wp\/v2\/posts"}],"about":[{"href":"https:\/\/christusnews.de\/site\/wp-json\/wp\/v2\/types\/post"}],"author":[{"embeddable":true,"href":"https:\/\/christusnews.de\/site\/wp-json\/wp\/v2\/users\/7"}],"replies":[{"embeddable":true,"href":"https:\/\/christusnews.de\/site\/wp-json\/wp\/v2\/comments?post=25675"}],"version-history":[{"count":1,"href":"https:\/\/christusnews.de\/site\/wp-json\/wp\/v2\/posts\/25675\/revisions"}],"predecessor-version":[{"id":25676,"href":"https:\/\/christusnews.de\/site\/wp-json\/wp\/v2\/posts\/25675\/revisions\/25676"}],"wp:attachment":[{"href":"https:\/\/christusnews.de\/site\/wp-json\/wp\/v2\/media?parent=25675"}],"wp:term":[{"taxonomy":"category","embeddable":true,"href":"https:\/\/christusnews.de\/site\/wp-json\/wp\/v2\/categories?post=25675"},{"taxonomy":"post_tag","embeddable":true,"href":"https:\/\/christusnews.de\/site\/wp-json\/wp\/v2\/tags?post=25675"}],"curies":[{"name":"wp","href":"https:\/\/api.w.org\/{rel}","templated":true}]}}