{"id":25679,"date":"2023-11-10T15:21:00","date_gmt":"2023-11-10T14:21:00","guid":{"rendered":"https:\/\/christusnews.de\/site\/meister-fordert-oeffentliche-solidaritaet-mit-juedischer-gemeinde\/"},"modified":"2023-11-13T22:17:39","modified_gmt":"2023-11-13T21:17:39","slug":"meister-fordert-oeffentliche-solidaritaet-mit-juedischer-gemeinde","status":"publish","type":"post","link":"https:\/\/christusnews.de\/site\/meister-fordert-oeffentliche-solidaritaet-mit-juedischer-gemeinde\/","title":{"rendered":"Meister fordert \u00f6ffentliche Solidarit\u00e4t mit j\u00fcdischer Gemeinde"},"content":{"rendered":"<p class=\"MsoPlainText\">Ulm\/Hannover (epd). Der Leitende Bischof der deutschen Lutheraner, Ralf Meister, hat alle evangelischen Gemeinden zu Solidarit\u00e4t mit J\u00fcdinnen und Juden aufgerufen. \u00abDie \u00f6ffentlich sichtbare und konkret-praktische Solidarit\u00e4t aller evangelischen Kirchengemeinden mit unseren j\u00fcdischen Geschwistern bleibt das Gebot der Stunde\u00bb, sagte der hannoversche Landesbischof in seinem Bericht vor den Delegierten der Generalsynode der Vereinigten Evangelisch-Lutherischen Kirche Deutschlands (VELKD).<\/p>\n<p class=\"MsoPlainText\">&nbsp;<\/p>\n<p class=\"MsoPlainText\">Der \u00dcberfall der Hamas auf Israel sei ein Pogrom gegen die Zivilbev\u00f6lkerung gewesen, sagte Meister. \u00abEine Eskalation von Gr\u00e4ueltaten und Hass, die erschreckt, ver\u00e4ngstigt und aufr\u00fcttelt.\u00bb Meister verwies auch auf die Not im Gaza-Streifen, die infolge des terroristischen Angriffs entstanden sei, weil die Hamas die Bev\u00f6lkerung als menschliche Schutzschilde benutze. \u00abAuch diese Menschen brauchen unsere Solidarit\u00e4t und Hilfe und Feuerpausen\u00bb, forderte Meister.<\/p>\n<p class=\"MsoPlainText\">&nbsp;<\/p>\n<p class=\"MsoPlainText\">Die Auswirkungen der vergangenen Wochen auf die weltweite Haltung gegen\u00fcber dem Staat Israel, vor allem gegen\u00fcber J\u00fcdinnen und Juden seien be\u00e4ngstigend, betonte der Leitende Bischof. Antisemitismus, Antizionismus und unverh\u00fcllte Judenfeindschaft weiteten sich be\u00e4ngstigend in den islamischen Staaten aus. In Deutschlands stiegen die \u00dcbergriffe und Angriffe auf Personen j\u00fcdischen Glaubens sowie die Sch\u00e4ndungen ihrer Einrichtungen. \u00abJeder Antijudaismus ist und bleibt Gottesl\u00e4sterung\u00bb, betonte Meister.<\/p>\n<p class=\"MsoPlainText\">&nbsp;<\/p>\n<p class=\"MsoPlainText\">Zuvor hatten die 50 Delegierten der VELKD gemeinsam Gottesdienst in der Ulmer St.-Georgskirche gefeiert. Dabei erinnerte Pastorin Marianne Gorka an den Geburtstag des Reformators Martin Luther (1483-1546) am 10. November. Die Tagung der Lutheraner steht traditionell am Beginn der Jahrestagung des protestantischen Kirchenparlaments. Die Synode der Evangelischen Kirche in Deutschland&nbsp;(EKD) ber\u00e4t in diesem Jahr ab Sonntag schwerpunktm\u00e4\u00dfig zum Thema&nbsp;\u00abSprach- und Handlungsf\u00e4higkeit im Glauben\u00bb, zentral ist dabei die Vorstellung der sechsten Kirchenmitgliedschaftsuntersuchung (KMU) am Dienstag, eine religionssoziologische Studie \u00fcber die Einstellung zu Religion und Kirche in der Bev\u00f6lkerung, die seit 1972 regelm\u00e4\u00dfig erscheint.<\/p>\n<p class=\"MsoPlainText\">&nbsp;<\/p>\n<p class=\"MsoPlainText\">Auf der Tagesordnung der Generalsynode stehen Beratungen \u00fcber den Haushalt und das Erinnern an die Gr\u00fcndung der VELKD vor 75 Jahren am 8. Juli 1948. Zur VELKD geh\u00f6ren sieben Landeskirchen, deren gemeinsames Ziel es ist, die Einheit unter den deutschen lutherischen Kirchen zu f\u00f6rdern und zu bewahren. Der Zusammenschluss repr\u00e4sentiert rund 7,8 Millionen evangelische Christen.<\/p>\n<p class=\"MsoPlainText\">&nbsp;<\/p>\n<p class=\"MsoPlainText\">Die Generalsynode der Vereinigten Evangelisch-Lutherischen Kirche Deutschlands tagt seit 2009 im Verbund mit der EKD und der Union Evangelischer Kirchen (UEK). Die Synode der EKD beginnt am Sonntag mit einem Gottesdienst in der Ulmer Martin-Luther-Kirche. Am Sonntagabend erstattet der Catholica-Beauftragte der VELKD, Landesbischof Karl-Hinrich Manzke (Schaumburg-Lippe), vor den Delegierten der VELKD, UEK und der EKD Bericht \u00fcber den Stand der \u00d6kumene. Es wird sein letzter Bericht sein, da Manzke im Februar in den Ruhestand tritt.<\/p>\n<p>Kirche-Oldenburg<br \/>\n<a href=\"https:\/\/www.kirche-oldenburg.de\/\/aktuell\/news-niedersachsen\/artikel\/meister-fordert-oeffentliche-solidaritaet-mit-juedischer-gemeinde\" target=\"_blank\" rel=\"noopener\">Meister fordert \u00f6ffentliche Solidarit\u00e4t mit j\u00fcdischer Gemeinde<\/a><\/p>\n","protected":false},"excerpt":{"rendered":"<p>Ulm\/Hannover (epd). Der Leitende Bischof der deutschen Lutheraner, Ralf Meister, hat alle evangelischen Gemeinden zu Solidarit\u00e4t mit J\u00fcdinnen und Juden aufgerufen. \u00abDie \u00f6ffentlich sichtbare und konkret-praktische Solidarit\u00e4t aller evangelischen Kirchengemeinden mit unseren j\u00fcdischen Geschwistern bleibt das Gebot der Stunde\u00bb, sagte der hannoversche Landesbischof in seinem Bericht vor den Delegierten der Generalsynode der Vereinigten Evangelisch-Lutherischen Kirche Deutschlands (VELKD). &nbsp; Der \u00dcberfall der Hamas auf Israel sei ein Pogrom gegen die Zivilbev\u00f6lkerung gewesen, sagte Meister. \u00abEine Eskalation von Gr\u00e4ueltaten und Hass, die erschreckt, ver\u00e4ngstigt und aufr\u00fcttelt.\u00bb Meister verwies auch auf die Not im Gaza-Streifen, die infolge des terroristischen Angriffs entstanden sei, weil&#8230;<\/p>\n","protected":false},"author":7,"featured_media":0,"comment_status":"false","ping_status":"open","sticky":false,"template":"","format":"standard","meta":{"footnotes":""},"categories":[43],"tags":[44],"class_list":["post-25679","post","type-post","status-publish","format-standard","hentry","category-kirche-oldenburg","tag-kirche-oldenburg"],"_links":{"self":[{"href":"https:\/\/christusnews.de\/site\/wp-json\/wp\/v2\/posts\/25679","targetHints":{"allow":["GET"]}}],"collection":[{"href":"https:\/\/christusnews.de\/site\/wp-json\/wp\/v2\/posts"}],"about":[{"href":"https:\/\/christusnews.de\/site\/wp-json\/wp\/v2\/types\/post"}],"author":[{"embeddable":true,"href":"https:\/\/christusnews.de\/site\/wp-json\/wp\/v2\/users\/7"}],"replies":[{"embeddable":true,"href":"https:\/\/christusnews.de\/site\/wp-json\/wp\/v2\/comments?post=25679"}],"version-history":[{"count":1,"href":"https:\/\/christusnews.de\/site\/wp-json\/wp\/v2\/posts\/25679\/revisions"}],"predecessor-version":[{"id":25680,"href":"https:\/\/christusnews.de\/site\/wp-json\/wp\/v2\/posts\/25679\/revisions\/25680"}],"wp:attachment":[{"href":"https:\/\/christusnews.de\/site\/wp-json\/wp\/v2\/media?parent=25679"}],"wp:term":[{"taxonomy":"category","embeddable":true,"href":"https:\/\/christusnews.de\/site\/wp-json\/wp\/v2\/categories?post=25679"},{"taxonomy":"post_tag","embeddable":true,"href":"https:\/\/christusnews.de\/site\/wp-json\/wp\/v2\/tags?post=25679"}],"curies":[{"name":"wp","href":"https:\/\/api.w.org\/{rel}","templated":true}]}}