{"id":25683,"date":"2023-11-13T10:35:00","date_gmt":"2023-11-13T09:35:00","guid":{"rendered":"https:\/\/christusnews.de\/site\/oldenburger-muensterland-kreissynode-tagte-in-cloppenburg\/"},"modified":"2023-11-14T22:17:21","modified_gmt":"2023-11-14T21:17:21","slug":"oldenburger-muensterland-kreissynode-tagte-in-cloppenburg","status":"publish","type":"post","link":"https:\/\/christusnews.de\/site\/oldenburger-muensterland-kreissynode-tagte-in-cloppenburg\/","title":{"rendered":"Oldenburger M\u00fcnsterland: Kreissynode tagte in Cloppenburg"},"content":{"rendered":"<p>Mit einem Gottesdienst wurde die diesj\u00e4hrige Kreissynode des Evangelisch-lutherischen Kirchenkreises Oldenburger M\u00fcnsterland im St. Vinzenz Haus in Cloppenburg er\u00f6ffnet. In seiner Predigt rief Pfarrer Johannes Rohlfing aus Friesoythe die Synodalen dazu auf, ihr Christsein authentisch in die Welt zu tragen und den Schwachen Geh\u00f6r zu verschaffen. Oberkirchenr\u00e4tin Gudrun Mawick vom Oberkirchenrat der Evangelisch-Lutherischen Kirche in Oldenburg betonte in ihrem Gru\u00dfwort, dass die christlichen Gemeinden dazu aufgerufen seien, ohne Angst ihren Glauben im Alltag zu vertreten. Gerade im Oldenburger M\u00fcnsterland freue sie sich zu sehen, dass man dieses Anliegen hier mit innovativer Tatkraft verfolge.&nbsp;<\/p>\n<p>Der Bericht von Kreispfarrerin Martina Wittkowski zeichnete dann die Entwicklungen der letzten Monate nach. Sie freue sich, so Wittkowski, dass am Reformationstag der neue Kreiskantor Matthew Glandorf in sein Amt eingef\u00fchrt werden konnte. Dass die Kirchengemeinden im Oldenburger M\u00fcnsterland nah bei den Menschen seien, zeige sich bei der Visitation des Kreisjugenddienstes. Obwohl derzeit nur 2,7 von f\u00fcnf Stellen besetzt seien, sei das Visitationsteam beeindruckt gewesen von der geleisteten Arbeit und den Vorstellungen f\u00fcr die Zukunft. So stehe eine Vernetzung der Aktivit\u00e4ten als auch ein Trainingsprogramm f\u00fcr interessierte Nachkonfirmanden\/innen auf der Agenda des Kreisjugenddienstes.&nbsp;<\/p>\n<p>Besonders w\u00fcrdigt die Kreispfarrerin die Arbeit der Regionalen Dienststelle, die trotz der Belastungen durch personelle Ressourcenknappheit hervorragende Arbeit leiste. Der Landessynodale Carsten Homann wies darauf hin, dass die Neubesetzung von Stellen immer ein Spagat zwischen knapperen Finanzmitteln und der Notwendigkeit neuer Stellen sein werde.<\/p>\n<p>Belastend wirke sich die langfristige Vakanz von mehreren Pfarrstellen aus, die nur durch den herausragenden Einsatz der Gemeindekirchenr\u00e4te und der Ehrenamtlichen in den Gemeinden aufgefangen werden k\u00f6nne, so Martina Wittkowski. Sie zollte diesem Engagement ihre h\u00f6chste Anerkennung. Trotzdem m\u00fcsse man aber zur Kenntnis nehmen, dass Ehrenamtliche hier auch an ihre Grenzen sto\u00dfen. Deshalb m\u00fcssten notwendige M\u00f6glichkeiten einer ver\u00e4nderten Gestaltung von Gemeindeleben verst\u00e4rkt in den Blick genommen werden wie zum Beispiel Interprofessionelle Teams. Im Rahmen der \u201eInterprofessionellen Teams\u201c k\u00f6nnen nicht besetzte Pfarrstellen auch mit Diakoninnen und Diakonen, Kirchenmusikerinnen und Kirchenmusikern oder auch Menschen aus anderen Berufen besetzt und in einer Kirchengemeinde t\u00e4tig werden.<\/p>\n<p>Kreispfarrerin Wittkowski rief die Synodalen dazu auf, diese Ver\u00e4nderungsprozesse als Chance auch f\u00fcr einen neuen Zusammenhalt zu sehen. Als ein Beispiel hierf\u00fcr nannte sie die in Cloppenburg angedachte Gestaltung von Konfirmandenarbeit im regionalen Raum \u00fcber eine Kirchengemeinde hinaus. Dass produktive Ideen den Kirchenkreis bereichern und Neues versucht werde, zeigten die Konficamps und das Tauffest in Dinklage. Abschlie\u00dfend zeichnete die Kreispfarrerin das Bild eines Kirchenkreises, der sich trotz aller Widrigkeiten auf den Weg gemacht habe, Gottes Wort lebendig in die Gesellschaft zu tragen.<\/p>\n<p>Hierzu geh\u00f6rte auch die Verabschiedung der Neukonzeption der Profilstelle \u201eJunge Stimmen\u201c im Kirchenkreis. Die Stelleninhaberin soll mit ihrer musikalischen Arbeit Kinder und somit junge Familien erreichen, die dann als Multiplikatoren auch andere begeistern. Ansatzpunkte neben den Kirchengemeinden sind besonders die Kitas im Kirchenkreis.<\/p>\n<p>Birte R\u00fcder von der Regionalen Dienststelle stellte dann in einer umfangreichen und detaillierten Pr\u00e4sentation den ausgeglichenen Haushalt 2024 des Kirchenkreises vor. Die Synode verabschiedete ihn einstimmig mit einem Volumen von gut 700.000 Euro.&nbsp;<\/p>\n<p>Die Kreissynode endete mit dem Segen der Kreispfarrerin und kommt am 26. April 2024 zum Thema Klimaschutz wieder zusammen.<\/p>\n<p><em>Ein Beitrag von Carsten Homann.<\/em><br \/>\n&nbsp;<\/p>\n<p>Kirche-Oldenburg<br \/>\n<a href=\"https:\/\/www.kirche-oldenburg.de\/\/aktuell\/aus-den-kirchenkreisen\/artikel\/oldenburger-muensterland-kreissynode-tagte-in-cloppenburg\" target=\"_blank\" rel=\"noopener\">Oldenburger M\u00fcnsterland: Kreissynode tagte in Cloppenburg<\/a><\/p>\n","protected":false},"excerpt":{"rendered":"<p>Mit einem Gottesdienst wurde die diesj\u00e4hrige Kreissynode des Evangelisch-lutherischen Kirchenkreises Oldenburger M\u00fcnsterland im St. Vinzenz Haus in Cloppenburg er\u00f6ffnet. In seiner Predigt rief Pfarrer Johannes Rohlfing aus Friesoythe die Synodalen dazu auf, ihr Christsein authentisch in die Welt zu tragen und den Schwachen Geh\u00f6r zu verschaffen. Oberkirchenr\u00e4tin Gudrun Mawick vom Oberkirchenrat der Evangelisch-Lutherischen Kirche in Oldenburg betonte in ihrem Gru\u00dfwort, dass die christlichen Gemeinden dazu aufgerufen seien, ohne Angst ihren Glauben im Alltag zu vertreten. Gerade im Oldenburger M\u00fcnsterland freue sie sich zu sehen, dass man dieses Anliegen hier mit innovativer Tatkraft verfolge.&nbsp; Der Bericht von Kreispfarrerin Martina Wittkowski zeichnete&#8230;<\/p>\n","protected":false},"author":7,"featured_media":0,"comment_status":"false","ping_status":"open","sticky":false,"template":"","format":"standard","meta":{"footnotes":""},"categories":[43],"tags":[44],"class_list":["post-25683","post","type-post","status-publish","format-standard","hentry","category-kirche-oldenburg","tag-kirche-oldenburg"],"_links":{"self":[{"href":"https:\/\/christusnews.de\/site\/wp-json\/wp\/v2\/posts\/25683","targetHints":{"allow":["GET"]}}],"collection":[{"href":"https:\/\/christusnews.de\/site\/wp-json\/wp\/v2\/posts"}],"about":[{"href":"https:\/\/christusnews.de\/site\/wp-json\/wp\/v2\/types\/post"}],"author":[{"embeddable":true,"href":"https:\/\/christusnews.de\/site\/wp-json\/wp\/v2\/users\/7"}],"replies":[{"embeddable":true,"href":"https:\/\/christusnews.de\/site\/wp-json\/wp\/v2\/comments?post=25683"}],"version-history":[{"count":1,"href":"https:\/\/christusnews.de\/site\/wp-json\/wp\/v2\/posts\/25683\/revisions"}],"predecessor-version":[{"id":25684,"href":"https:\/\/christusnews.de\/site\/wp-json\/wp\/v2\/posts\/25683\/revisions\/25684"}],"wp:attachment":[{"href":"https:\/\/christusnews.de\/site\/wp-json\/wp\/v2\/media?parent=25683"}],"wp:term":[{"taxonomy":"category","embeddable":true,"href":"https:\/\/christusnews.de\/site\/wp-json\/wp\/v2\/categories?post=25683"},{"taxonomy":"post_tag","embeddable":true,"href":"https:\/\/christusnews.de\/site\/wp-json\/wp\/v2\/tags?post=25683"}],"curies":[{"name":"wp","href":"https:\/\/api.w.org\/{rel}","templated":true}]}}