{"id":25685,"date":"2023-11-14T08:41:00","date_gmt":"2023-11-14T07:41:00","guid":{"rendered":"https:\/\/christusnews.de\/site\/zwei-preise-des-geschichtswettbewerbs-gehen-nach-niedersachsen-bundespraesident-steinmeier-ueberreicht-preise-im-schloss-bellevue\/"},"modified":"2023-11-15T10:18:05","modified_gmt":"2023-11-15T09:18:05","slug":"zwei-preise-des-geschichtswettbewerbs-gehen-nach-niedersachsen-bundespraesident-steinmeier-ueberreicht-preise-im-schloss-bellevue","status":"publish","type":"post","link":"https:\/\/christusnews.de\/site\/zwei-preise-des-geschichtswettbewerbs-gehen-nach-niedersachsen-bundespraesident-steinmeier-ueberreicht-preise-im-schloss-bellevue\/","title":{"rendered":"Zwei Preise des Geschichtswettbewerbs gehen nach Niedersachsen &#8211; Bundespr\u00e4sident Steinmeier \u00fcberreicht Preise im Schloss Bellevue"},"content":{"rendered":"<p class=\"MsoPlainText\">Hannover\/Hasel\u00fcnne (epd). Bundespr\u00e4sident Frank-Walter Steinmeier hat den f\u00fcnf Gewinnerinnen und Gewinnern des Geschichtswettbewerbs am Dienstag im Schloss Bellevue in Berlin die mit je 2.500 Euro dotierten Preise \u00fcberreicht. Unter den Erstplatzierten in f\u00fcnf Kategorien waren auch Sch\u00fclerinnen und Sch\u00fcler aus Niedersachsen, wie die gemeinn\u00fctzige K\u00f6rber-Stiftung als Mitinitiatorin mitteilte.<\/p>\n<p class=\"MsoPlainText\">&nbsp;<\/p>\n<p class=\"MsoPlainText\">So wurde der Sch\u00fcler Hoang Long David Duong aus der elften Klasse des Kreisgymnasiums St. Ursula in Hasel\u00fcnne f\u00fcr seinen Beitrag \u00fcber die Stadt Haren im Emsland ausgezeichnet, die nach dem Zweiten Weltkrieg f\u00fcr drei Jahre zur polnischen Enklave Maczkow wurde. Zudem erhielt die f\u00fcnfte Klasse der Integrierten Gesamtschule Hannover-M\u00fchlenberg einen ersten Preis f\u00fcr ihre Besch\u00e4ftigung mit der Geschichte des Wohnens in ihrem Stadtteil.<\/p>\n<p class=\"MsoPlainText\">&nbsp;<\/p>\n<p class=\"MsoPlainText\">Die \u00fcbrigen drei Ehrungen erhielten M\u00e4dchen und Jungen aus Nordrhein-Westfalen, Baden-W\u00fcrttemberg und Berlin. Das Thema des Wettbewerbs lautete in diesem Jahr \u00abMehr als ein Dach \u00fcber dem Kopf.&nbsp;Wohnen hat Geschichte\u00bb.<\/p>\n<p class=\"MsoPlainText\">&nbsp;<\/p>\n<p class=\"MsoPlainText\">Mehr als 5.600 Sch\u00fclerinnen und Sch\u00fcler nahmen den Angaben zufolge mit insgesamt 1.651 Beitr\u00e4gen an diesem 28. Geschichtswettbewerb des Bundespr\u00e4sidenten teil. Er wird seit 1973 von der in Hamburg ans\u00e4ssigen K\u00f6rber-Stiftung ausgerichtet. Der Preis soll junge Menschen dazu ermuntern, sich mit der Geschichte \u00abvor der eigenen Haust\u00fcr\u00bb auseinanderzusetzen.<\/p>\n<p>Kirche-Oldenburg<br \/>\n<a href=\"https:\/\/www.kirche-oldenburg.de\/\/aktuell\/news-niedersachsen\/artikel\/zwei-preise-des-geschichtswettbewerbs-gehen-nach-niedersachsen-bundespraesident-steinmeier-ueberreicht-preise-im-schloss-bellevue\" target=\"_blank\" rel=\"noopener\">Zwei Preise des Geschichtswettbewerbs gehen nach Niedersachsen &#8211; Bundespr\u00e4sident Steinmeier \u00fcberreicht Preise im Schloss Bellevue<\/a><\/p>\n","protected":false},"excerpt":{"rendered":"<p>Hannover\/Hasel\u00fcnne (epd). Bundespr\u00e4sident Frank-Walter Steinmeier hat den f\u00fcnf Gewinnerinnen und Gewinnern des Geschichtswettbewerbs am Dienstag im Schloss Bellevue in Berlin die mit je 2.500 Euro dotierten Preise \u00fcberreicht. Unter den Erstplatzierten in f\u00fcnf Kategorien waren auch Sch\u00fclerinnen und Sch\u00fcler aus Niedersachsen, wie die gemeinn\u00fctzige K\u00f6rber-Stiftung als Mitinitiatorin mitteilte. &nbsp; So wurde der Sch\u00fcler Hoang Long David Duong aus der elften Klasse des Kreisgymnasiums St. Ursula in Hasel\u00fcnne f\u00fcr seinen Beitrag \u00fcber die Stadt Haren im Emsland ausgezeichnet, die nach dem Zweiten Weltkrieg f\u00fcr drei Jahre zur polnischen Enklave Maczkow wurde. Zudem erhielt die f\u00fcnfte Klasse der Integrierten Gesamtschule Hannover-M\u00fchlenberg einen&#8230;<\/p>\n","protected":false},"author":7,"featured_media":0,"comment_status":"false","ping_status":"open","sticky":false,"template":"","format":"standard","meta":{"footnotes":""},"categories":[43],"tags":[44],"class_list":["post-25685","post","type-post","status-publish","format-standard","hentry","category-kirche-oldenburg","tag-kirche-oldenburg"],"_links":{"self":[{"href":"https:\/\/christusnews.de\/site\/wp-json\/wp\/v2\/posts\/25685","targetHints":{"allow":["GET"]}}],"collection":[{"href":"https:\/\/christusnews.de\/site\/wp-json\/wp\/v2\/posts"}],"about":[{"href":"https:\/\/christusnews.de\/site\/wp-json\/wp\/v2\/types\/post"}],"author":[{"embeddable":true,"href":"https:\/\/christusnews.de\/site\/wp-json\/wp\/v2\/users\/7"}],"replies":[{"embeddable":true,"href":"https:\/\/christusnews.de\/site\/wp-json\/wp\/v2\/comments?post=25685"}],"version-history":[{"count":1,"href":"https:\/\/christusnews.de\/site\/wp-json\/wp\/v2\/posts\/25685\/revisions"}],"predecessor-version":[{"id":25686,"href":"https:\/\/christusnews.de\/site\/wp-json\/wp\/v2\/posts\/25685\/revisions\/25686"}],"wp:attachment":[{"href":"https:\/\/christusnews.de\/site\/wp-json\/wp\/v2\/media?parent=25685"}],"wp:term":[{"taxonomy":"category","embeddable":true,"href":"https:\/\/christusnews.de\/site\/wp-json\/wp\/v2\/categories?post=25685"},{"taxonomy":"post_tag","embeddable":true,"href":"https:\/\/christusnews.de\/site\/wp-json\/wp\/v2\/tags?post=25685"}],"curies":[{"name":"wp","href":"https:\/\/api.w.org\/{rel}","templated":true}]}}