{"id":25687,"date":"2023-11-13T08:40:00","date_gmt":"2023-11-13T07:40:00","guid":{"rendered":"https:\/\/christusnews.de\/site\/kirchenjurist-werner-in-den-rat-der-ekd-gewaehlt\/"},"modified":"2023-11-15T10:18:06","modified_gmt":"2023-11-15T09:18:06","slug":"kirchenjurist-werner-in-den-rat-der-ekd-gewaehlt","status":"publish","type":"post","link":"https:\/\/christusnews.de\/site\/kirchenjurist-werner-in-den-rat-der-ekd-gewaehlt\/","title":{"rendered":"Kirchenjurist Werner in den Rat der EKD gew\u00e4hlt"},"content":{"rendered":"<p class=\"MsoPlainText\">Ulm\/Hannover (epd). Der Jurist Stefan Werner ist neues Mitglied im Rat der Evangelischen Kirche in Deutschland (EKD) und damit Nachfolger der hannoverschen Juristin Stephanie Springer in dem 15-k\u00f6pfigen Gremium. Mit einer Mehrheit von 111 von 129 g\u00fcltigen Stimmen wurde der Direktor des w\u00fcrttembergischen Oberkirchenrats am Montag bei der Tagung der EKD-Synode in Ulm in das Leitungsgremium gew\u00e4hlt. Es gab sechs Nein-Stimmen und zw\u00f6lf Enthaltungen.<\/p>\n<p class=\"MsoPlainText\">&nbsp;<\/p>\n<p class=\"MsoPlainText\">Werner war der einzige Kandidat bei der Nachwahl f\u00fcr den Rat.&nbsp;Seine Vorg\u00e4ngerin Springer war Ende Oktober aus dem Landeskirchenamt in Hannover ins nieders\u00e4chsische Justizministerium gewechselt und damit aus dem Rat ausgeschieden war. Sie wird am 1. Dezember mit einem Gottesdienst in der hannoverschen Marktkirche offiziell aus ihrem fr\u00fcheren Amt als Pr\u00e4sidentin des lutherischen Landeskirchenamtes verabschiedet.<\/p>\n<p class=\"MsoPlainText\">&nbsp;<\/p>\n<p class=\"MsoPlainText\">Werner, der juristischer Stellvertreter des w\u00fcrttembergischen Landesbischofs Ernst-Wilhelm Gohl ist, sagte in seiner Vorstellung vor der Synode, dass er sich insbesondere beim Thema Klimawandel im Rat engagieren wolle. Er stammt selbst aus einer Pfarrerfamilie, ist 1963 geboren, verheiratet und hat zwei T\u00f6chter.<\/p>\n<p class=\"MsoPlainText\">&nbsp;<\/p>\n<p class=\"MsoPlainText\">Dem mit einer \u00abRegierung\u00bb vergleichbaren Rat der EKD geh\u00f6ren 15 Mitglieder an, darunter Bisch\u00f6finnen und Bisch\u00f6fe, Kirchenjuristen und Laien. 14 Mitglieder werden gew\u00e4hlt, Synodenpr\u00e4ses Anna-Nicole Heinrich geh\u00f6rt dem Gremium qua Amt an. Der amtierende Rat wurde 2021 gew\u00e4hlt. Die Wahlperiode betr\u00e4gt sechs Jahre.<\/p>\n<p>Kirche-Oldenburg<br \/>\n<a href=\"https:\/\/www.kirche-oldenburg.de\/\/aktuell\/news-niedersachsen\/artikel\/kirchenjurist-werner-in-den-rat-der-ekd-gewaehlt\" target=\"_blank\" rel=\"noopener\">Kirchenjurist Werner in den Rat der EKD gew\u00e4hlt<\/a><\/p>\n","protected":false},"excerpt":{"rendered":"<p>Ulm\/Hannover (epd). Der Jurist Stefan Werner ist neues Mitglied im Rat der Evangelischen Kirche in Deutschland (EKD) und damit Nachfolger der hannoverschen Juristin Stephanie Springer in dem 15-k\u00f6pfigen Gremium. Mit einer Mehrheit von 111 von 129 g\u00fcltigen Stimmen wurde der Direktor des w\u00fcrttembergischen Oberkirchenrats am Montag bei der Tagung der EKD-Synode in Ulm in das Leitungsgremium gew\u00e4hlt. Es gab sechs Nein-Stimmen und zw\u00f6lf Enthaltungen. &nbsp; Werner war der einzige Kandidat bei der Nachwahl f\u00fcr den Rat.&nbsp;Seine Vorg\u00e4ngerin Springer war Ende Oktober aus dem Landeskirchenamt in Hannover ins nieders\u00e4chsische Justizministerium gewechselt und damit aus dem Rat ausgeschieden war. Sie wird am&#8230;<\/p>\n","protected":false},"author":7,"featured_media":0,"comment_status":"false","ping_status":"open","sticky":false,"template":"","format":"standard","meta":{"footnotes":""},"categories":[43],"tags":[44],"class_list":["post-25687","post","type-post","status-publish","format-standard","hentry","category-kirche-oldenburg","tag-kirche-oldenburg"],"_links":{"self":[{"href":"https:\/\/christusnews.de\/site\/wp-json\/wp\/v2\/posts\/25687","targetHints":{"allow":["GET"]}}],"collection":[{"href":"https:\/\/christusnews.de\/site\/wp-json\/wp\/v2\/posts"}],"about":[{"href":"https:\/\/christusnews.de\/site\/wp-json\/wp\/v2\/types\/post"}],"author":[{"embeddable":true,"href":"https:\/\/christusnews.de\/site\/wp-json\/wp\/v2\/users\/7"}],"replies":[{"embeddable":true,"href":"https:\/\/christusnews.de\/site\/wp-json\/wp\/v2\/comments?post=25687"}],"version-history":[{"count":1,"href":"https:\/\/christusnews.de\/site\/wp-json\/wp\/v2\/posts\/25687\/revisions"}],"predecessor-version":[{"id":25688,"href":"https:\/\/christusnews.de\/site\/wp-json\/wp\/v2\/posts\/25687\/revisions\/25688"}],"wp:attachment":[{"href":"https:\/\/christusnews.de\/site\/wp-json\/wp\/v2\/media?parent=25687"}],"wp:term":[{"taxonomy":"category","embeddable":true,"href":"https:\/\/christusnews.de\/site\/wp-json\/wp\/v2\/categories?post=25687"},{"taxonomy":"post_tag","embeddable":true,"href":"https:\/\/christusnews.de\/site\/wp-json\/wp\/v2\/tags?post=25687"}],"curies":[{"name":"wp","href":"https:\/\/api.w.org\/{rel}","templated":true}]}}