{"id":25693,"date":"2023-11-15T09:29:00","date_gmt":"2023-11-15T08:29:00","guid":{"rendered":"https:\/\/christusnews.de\/site\/sozialverband-armut-gefaehrdet-die-demokratie\/"},"modified":"2023-11-16T10:17:35","modified_gmt":"2023-11-16T09:17:35","slug":"sozialverband-armut-gefaehrdet-die-demokratie","status":"publish","type":"post","link":"https:\/\/christusnews.de\/site\/sozialverband-armut-gefaehrdet-die-demokratie\/","title":{"rendered":"Sozialverband: Armut gef\u00e4hrdet die Demokratie"},"content":{"rendered":"<p class=\"MsoPlainText\">Hannover (epd). Der Sozialverband Deutschland (SoVD) warnt vor einer wachsenden Demokratiegef\u00e4hrdung durch Armut. Auch in Niedersachsen m\u00fcsse die Politik Armut wirksam bek\u00e4mpfen, forderte der nieders\u00e4chsische Landesverband am Mittwoch anl\u00e4sslich des Welttags f\u00fcr Toleranz (16. November). Der Verband verwies auf eine Studie der gewerksschaftsnahen Hans-B\u00f6ckler-Stiftung, wonach besonders armutsgef\u00e4hrdete Menschen ihr Vertrauen in Institutionen und Politik verl\u00f6ren. Um die Demokratie zu sch\u00fctzen, seien gr\u00f6\u00dfere Anstrengungen n\u00f6tig, um Einkommensungleichheit zu bek\u00e4mpfen sowie Kinder- und Altersarmut zu verhindern.<\/p>\n<p class=\"MsoPlainText\">&nbsp;<\/p>\n<p class=\"MsoPlainText\">Der Verband berief sich \u00fcberdies auf die im September ver\u00f6ffentlichte \u00abMitte-Studie\u00bb der SPD-nahen Friedrich-Ebert-Stiftung. Demnach haben 8,3 Prozent der Deutschen ein gefestigt rechtsextremens Weltbild. \u00abDas ist eine erschreckende Zahl und sollte f\u00fcr die Politik ein Weckruf sein\u00bb, sagte der Vorstandsvorsitzende des SoVD in Niedersachsen, Dirk Swinke. Auch die demokratischen Parteien im Landtag m\u00fcssten sich der Entwicklung entgegenstellen. \u00abEs braucht ein geeintes Vorgehen von SPD, Gr\u00fcnen und CDU.\u00bb<\/p>\n<p class=\"MsoPlainText\">&nbsp;<\/p>\n<p class=\"MsoPlainText\">Der Internationale Tag f\u00fcr Toleranz wurde 1995 von der Unesco ausgerufen. Er wird j\u00e4hrlich am 16. November begangen.<\/p>\n<p>Kirche-Oldenburg<br \/>\n<a href=\"https:\/\/www.kirche-oldenburg.de\/\/aktuell\/news-niedersachsen\/artikel\/sozialverband-armut-gefaehrdet-die-demokratie\" target=\"_blank\" rel=\"noopener\">Sozialverband: Armut gef\u00e4hrdet die Demokratie<\/a><\/p>\n","protected":false},"excerpt":{"rendered":"<p>Hannover (epd). Der Sozialverband Deutschland (SoVD) warnt vor einer wachsenden Demokratiegef\u00e4hrdung durch Armut. Auch in Niedersachsen m\u00fcsse die Politik Armut wirksam bek\u00e4mpfen, forderte der nieders\u00e4chsische Landesverband am Mittwoch anl\u00e4sslich des Welttags f\u00fcr Toleranz (16. November). Der Verband verwies auf eine Studie der gewerksschaftsnahen Hans-B\u00f6ckler-Stiftung, wonach besonders armutsgef\u00e4hrdete Menschen ihr Vertrauen in Institutionen und Politik verl\u00f6ren. Um die Demokratie zu sch\u00fctzen, seien gr\u00f6\u00dfere Anstrengungen n\u00f6tig, um Einkommensungleichheit zu bek\u00e4mpfen sowie Kinder- und Altersarmut zu verhindern. &nbsp; Der Verband berief sich \u00fcberdies auf die im September ver\u00f6ffentlichte \u00abMitte-Studie\u00bb der SPD-nahen Friedrich-Ebert-Stiftung. Demnach haben 8,3 Prozent der Deutschen ein gefestigt rechtsextremens Weltbild. \u00abDas&#8230;<\/p>\n","protected":false},"author":7,"featured_media":0,"comment_status":"false","ping_status":"open","sticky":false,"template":"","format":"standard","meta":{"footnotes":""},"categories":[43],"tags":[44],"class_list":["post-25693","post","type-post","status-publish","format-standard","hentry","category-kirche-oldenburg","tag-kirche-oldenburg"],"_links":{"self":[{"href":"https:\/\/christusnews.de\/site\/wp-json\/wp\/v2\/posts\/25693","targetHints":{"allow":["GET"]}}],"collection":[{"href":"https:\/\/christusnews.de\/site\/wp-json\/wp\/v2\/posts"}],"about":[{"href":"https:\/\/christusnews.de\/site\/wp-json\/wp\/v2\/types\/post"}],"author":[{"embeddable":true,"href":"https:\/\/christusnews.de\/site\/wp-json\/wp\/v2\/users\/7"}],"replies":[{"embeddable":true,"href":"https:\/\/christusnews.de\/site\/wp-json\/wp\/v2\/comments?post=25693"}],"version-history":[{"count":1,"href":"https:\/\/christusnews.de\/site\/wp-json\/wp\/v2\/posts\/25693\/revisions"}],"predecessor-version":[{"id":25694,"href":"https:\/\/christusnews.de\/site\/wp-json\/wp\/v2\/posts\/25693\/revisions\/25694"}],"wp:attachment":[{"href":"https:\/\/christusnews.de\/site\/wp-json\/wp\/v2\/media?parent=25693"}],"wp:term":[{"taxonomy":"category","embeddable":true,"href":"https:\/\/christusnews.de\/site\/wp-json\/wp\/v2\/categories?post=25693"},{"taxonomy":"post_tag","embeddable":true,"href":"https:\/\/christusnews.de\/site\/wp-json\/wp\/v2\/tags?post=25693"}],"curies":[{"name":"wp","href":"https:\/\/api.w.org\/{rel}","templated":true}]}}