{"id":25699,"date":"2023-11-16T08:16:00","date_gmt":"2023-11-16T07:16:00","guid":{"rendered":"https:\/\/christusnews.de\/site\/pastor-volkstrauertag-als-mahntag-fuer-den-frieden-begehen\/"},"modified":"2023-11-17T10:18:07","modified_gmt":"2023-11-17T09:18:07","slug":"pastor-volkstrauertag-als-mahntag-fuer-den-frieden-begehen","status":"publish","type":"post","link":"https:\/\/christusnews.de\/site\/pastor-volkstrauertag-als-mahntag-fuer-den-frieden-begehen\/","title":{"rendered":"Pastor: Volkstrauertag als Mahntag f\u00fcr den Frieden begehen"},"content":{"rendered":"<p class=\"MsoPlainText\">Hildesheim (epd). Der ehemalige Friedensbeauftragte der hannoverschen Landeskirche, Lutz Kr\u00fcgener, hat die Bedeutung des Volkstrauertags als Mahntag f\u00fcr den Frieden unterstrichen. \u00abDies ist der einzige Tag in Deutschland, an dem das Thema Krieg und Frieden vom Bundestag bis ins Dorf \u00f6ffentlich thematisiert wird\u00bb, sagte der Hildesheimer Pastor und Verfasser einer Arbeitshilfe f\u00fcr die Gestaltung dieses Tages dem Evangelischen Pressedienst (epd). Das Thema sei hochaktuell, der Wunsch der B\u00fcrgerinnen und B\u00fcrger nach Frieden und Sicherheit gro\u00df, betonte der Theologe.<\/p>\n<p class=\"MsoPlainText\">&nbsp;<\/p>\n<p class=\"MsoPlainText\">Kr\u00fcgener, der sich als Pazifist versteht, beobachtet eine Militarisierung im politischen Raum. Dieser Trend zeige sich etwa in dem Vorschlag der Bundesregierung, einen Veteranentag einzuf\u00fchren. \u00abWenn, dann w\u00e4re ich f\u00fcr einen Gedenktag f\u00fcr alle Menschen, die sich in Kriegs- und Krisengebieten engagieren, nicht nur f\u00fcr Soldatinnen und Soldaten.\u00bb<\/p>\n<p class=\"MsoPlainText\">&nbsp;<\/p>\n<p class=\"MsoPlainText\">\u00dcberdies gebe es kaum vernehmbaren Widerspruch gegen das erkl\u00e4rte Ziel der Bundesregierung, mehr als zwei Prozent des Bruttoinlandsprodukts f\u00fcr Verteidigung auszugeben. \u00abDabei bedeutet das ganz massive Aufr\u00fcstung.\u00bb Weltweit werde so viel Geld f\u00fcr Waffen ausgegeben wie nie zuvor, aktuell mehr als zwei Billionen Dollar j\u00e4hrlich. \u00abDies sollten wir nicht einfach schulterzuckend hinnehmen, da das Geld f\u00fcr die Armutsbek\u00e4mpfung und den Schutz des Klimas fehlt.\u00bb<\/p>\n<p class=\"MsoPlainText\">&nbsp;<\/p>\n<p class=\"MsoPlainText\">Mit Blick auf die Kriege in Israel und der Ukraine r\u00e4umte der Theologe ein, dass sich diese L\u00e4nder wehren m\u00fcssten. \u00abUnsere Solidarit\u00e4t mit diesen L\u00e4ndern darf aber nicht zu einer Militarisierung unserer Gesellschaft f\u00fchren.\u00bb<\/p>\n<p class=\"MsoPlainText\">&nbsp;<\/p>\n<p class=\"MsoPlainText\">Schon lange gehe es beim Volkstrauertag nicht mehr nur um die Gefallenen der Weltkriege, sondern um alle Opfer von Kriegen und Gewaltherrschaft, betonte Kr\u00fcgener. Dennoch n\u00e4hmen B\u00fcrgerinnen und B\u00fcrger Kranzniederlegungen an Kriegerdenkm\u00e4lern vielfach als altbacken wahr. Daher m\u00fcssten sich die Veranstalter, meist die Kommunen, zusammen mit zivilgesellschaftliche Gruppen, bem\u00fchen, dem Tag ein neues Gepr\u00e4ge zu geben.<\/p>\n<p class=\"MsoPlainText\">&nbsp;<\/p>\n<p class=\"MsoPlainText\">Der Pastor appellierte an die B\u00fcrger, an Veranstaltungen des Volkstrauertags teilzunehmen und diese nach M\u00f6glichkeit mitzugestalten. \u00abJe j\u00fcnger das wird und je bunter, desto besser.\u00bb So k\u00f6nne der Volkstrauertag als Mahntag f\u00fcr den Frieden sichtbarer werden.<\/p>\n<p>Kirche-Oldenburg<br \/>\n<a href=\"https:\/\/www.kirche-oldenburg.de\/\/aktuell\/news-niedersachsen\/artikel\/pastor-volkstrauertag-als-mahntag-fuer-den-frieden-begehen\" target=\"_blank\" rel=\"noopener\">Pastor: Volkstrauertag als Mahntag f\u00fcr den Frieden begehen<\/a><\/p>\n","protected":false},"excerpt":{"rendered":"<p>Hildesheim (epd). Der ehemalige Friedensbeauftragte der hannoverschen Landeskirche, Lutz Kr\u00fcgener, hat die Bedeutung des Volkstrauertags als Mahntag f\u00fcr den Frieden unterstrichen. \u00abDies ist der einzige Tag in Deutschland, an dem das Thema Krieg und Frieden vom Bundestag bis ins Dorf \u00f6ffentlich thematisiert wird\u00bb, sagte der Hildesheimer Pastor und Verfasser einer Arbeitshilfe f\u00fcr die Gestaltung dieses Tages dem Evangelischen Pressedienst (epd). Das Thema sei hochaktuell, der Wunsch der B\u00fcrgerinnen und B\u00fcrger nach Frieden und Sicherheit gro\u00df, betonte der Theologe. &nbsp; Kr\u00fcgener, der sich als Pazifist versteht, beobachtet eine Militarisierung im politischen Raum. Dieser Trend zeige sich etwa in dem Vorschlag der&#8230;<\/p>\n","protected":false},"author":7,"featured_media":0,"comment_status":"false","ping_status":"open","sticky":false,"template":"","format":"standard","meta":{"footnotes":""},"categories":[43],"tags":[44],"class_list":["post-25699","post","type-post","status-publish","format-standard","hentry","category-kirche-oldenburg","tag-kirche-oldenburg"],"_links":{"self":[{"href":"https:\/\/christusnews.de\/site\/wp-json\/wp\/v2\/posts\/25699","targetHints":{"allow":["GET"]}}],"collection":[{"href":"https:\/\/christusnews.de\/site\/wp-json\/wp\/v2\/posts"}],"about":[{"href":"https:\/\/christusnews.de\/site\/wp-json\/wp\/v2\/types\/post"}],"author":[{"embeddable":true,"href":"https:\/\/christusnews.de\/site\/wp-json\/wp\/v2\/users\/7"}],"replies":[{"embeddable":true,"href":"https:\/\/christusnews.de\/site\/wp-json\/wp\/v2\/comments?post=25699"}],"version-history":[{"count":1,"href":"https:\/\/christusnews.de\/site\/wp-json\/wp\/v2\/posts\/25699\/revisions"}],"predecessor-version":[{"id":25700,"href":"https:\/\/christusnews.de\/site\/wp-json\/wp\/v2\/posts\/25699\/revisions\/25700"}],"wp:attachment":[{"href":"https:\/\/christusnews.de\/site\/wp-json\/wp\/v2\/media?parent=25699"}],"wp:term":[{"taxonomy":"category","embeddable":true,"href":"https:\/\/christusnews.de\/site\/wp-json\/wp\/v2\/categories?post=25699"},{"taxonomy":"post_tag","embeddable":true,"href":"https:\/\/christusnews.de\/site\/wp-json\/wp\/v2\/tags?post=25699"}],"curies":[{"name":"wp","href":"https:\/\/api.w.org\/{rel}","templated":true}]}}