{"id":25705,"date":"2023-11-17T19:50:04","date_gmt":"2023-11-17T18:50:04","guid":{"rendered":"https:\/\/christusnews.de\/site\/sag-mir-wo-die-blumen-sind-seit-gestern-haengen-in-der-citykirche-christus-und-garnison-grossformatige-bilder-vom-wilhelmshavener-kuenstler-bernd-noehre-mit-einer-hommage-an-anselm-kiefer-werden\/"},"modified":"2023-11-17T22:17:46","modified_gmt":"2023-11-17T21:17:46","slug":"sag-mir-wo-die-blumen-sind-seit-gestern-haengen-in-der-citykirche-christus-und-garnison-grossformatige-bilder-vom-wilhelmshavener-kuenstler-bernd-noehre-mit-einer-hommage-an-anselm-kiefer-werden","status":"publish","type":"post","link":"https:\/\/christusnews.de\/site\/sag-mir-wo-die-blumen-sind-seit-gestern-haengen-in-der-citykirche-christus-und-garnison-grossformatige-bilder-vom-wilhelmshavener-kuenstler-bernd-noehre-mit-einer-hommage-an-anselm-kiefer-werden\/","title":{"rendered":"Sag mir wo die Blumen sind \nSeit gestern h\u00e4ngen in der  Citykirche Christus- und Garnison gro\u00dfformatige  Bilder vom Wilhelmshavener K\u00fcnstler Bernd N\u00f6hre. Mit einer Hommage an Anselm Kiefer werden vom 15.  \u2013 30 Oktober besondere Bilder in diesen November Tage gezeigt. Am Sonntag greift der Gottesdienst zum Volkstrauertag das Thema auf, im Anschluss daran wird in einer Vernissage die Ausstellung er\u00f6ffnet. Das Lied von Marlene Dietrich  \u201eSag mir wo die Blumen sind\u201c ist eine thematische Klammer f\u00fcr alle f\u00fcnf Bilder im Altarraum. \nDie Ausstellung ist bis zum 30. November zu sehen."},"content":{"rendered":"<p>Sag mir wo die Blumen sind<br \/>\nSeit gestern h\u00e4ngen in der  Citykirche Christus- und Garnison gro\u00dfformatige  Bilder vom Wilhelmshavener K\u00fcnstler Bernd N\u00f6hre. Mit einer Hommage an Anselm Kiefer werden vom 15.  \u2013 30 Oktober besondere Bilder in diesen November Tage gezeigt. Am Sonntag greift der Gottesdienst zum Volkstrauertag das Thema auf, im Anschluss daran wird in einer Vernissage die Ausstellung er\u00f6ffnet. Das Lied von Marlene Dietrich  \u201eSag mir wo die Blumen sind\u201c ist eine thematische Klammer f\u00fcr alle f\u00fcnf Bilder im Altarraum.<br \/>\nDie Ausstellung ist bis zum 30. November zu sehen.<br \/>\nHAVENKIRCHE@FB<br \/>\n<a href=\"https:\/\/www.facebook.com\/396185572708352\/posts\/652778683715705\" target=\"_blank\" rel=\"noopener\">Sag mir wo die Blumen sind<br \/>\nSeit gestern h\u00e4ngen in der  Citykirche Christus- und Garnison gro\u00dfformatige  Bilder vom Wilhelmshavener K\u00fcnstler Bernd N\u00f6hre. Mit einer Hommage an Anselm Kiefer werden vom 15.  \u2013 30 Oktober besondere Bilder in diesen November Tage gezeigt. Am Sonntag greift der Gottesdienst zum Volkstrauertag das Thema auf, im Anschluss daran wird in einer Vernissage die Ausstellung er\u00f6ffnet. Das Lied von Marlene Dietrich  \u201eSag mir wo die Blumen sind\u201c ist eine thematische Klammer f\u00fcr alle f\u00fcnf Bilder im Altarraum.<br \/>\nDie Ausstellung ist bis zum 30. November zu sehen.<\/a><\/p>\n","protected":false},"excerpt":{"rendered":"<p>Sag mir wo die Blumen sind Seit gestern h\u00e4ngen in der Citykirche Christus- und Garnison gro\u00dfformatige Bilder vom Wilhelmshavener K\u00fcnstler Bernd N\u00f6hre. Mit einer Hommage an Anselm Kiefer werden vom 15. \u2013 30 Oktober besondere Bilder in diesen November Tage gezeigt. Am Sonntag greift der Gottesdienst zum Volkstrauertag das Thema auf, im Anschluss daran wird in einer Vernissage die Ausstellung er\u00f6ffnet. Das Lied von Marlene Dietrich \u201eSag mir wo die Blumen sind\u201c ist eine thematische Klammer f\u00fcr alle f\u00fcnf Bilder im Altarraum. Die Ausstellung ist bis zum 30. November zu sehen. HAVENKIRCHE@FB Sag mir wo die Blumen sind Seit gestern&#8230;<\/p>\n","protected":false},"author":6,"featured_media":0,"comment_status":"false","ping_status":"open","sticky":false,"template":"","format":"standard","meta":{"footnotes":""},"categories":[75],"tags":[76],"class_list":["post-25705","post","type-post","status-publish","format-standard","hentry","category-havenkirche","tag-havenkirche"],"_links":{"self":[{"href":"https:\/\/christusnews.de\/site\/wp-json\/wp\/v2\/posts\/25705","targetHints":{"allow":["GET"]}}],"collection":[{"href":"https:\/\/christusnews.de\/site\/wp-json\/wp\/v2\/posts"}],"about":[{"href":"https:\/\/christusnews.de\/site\/wp-json\/wp\/v2\/types\/post"}],"author":[{"embeddable":true,"href":"https:\/\/christusnews.de\/site\/wp-json\/wp\/v2\/users\/6"}],"replies":[{"embeddable":true,"href":"https:\/\/christusnews.de\/site\/wp-json\/wp\/v2\/comments?post=25705"}],"version-history":[{"count":1,"href":"https:\/\/christusnews.de\/site\/wp-json\/wp\/v2\/posts\/25705\/revisions"}],"predecessor-version":[{"id":25706,"href":"https:\/\/christusnews.de\/site\/wp-json\/wp\/v2\/posts\/25705\/revisions\/25706"}],"wp:attachment":[{"href":"https:\/\/christusnews.de\/site\/wp-json\/wp\/v2\/media?parent=25705"}],"wp:term":[{"taxonomy":"category","embeddable":true,"href":"https:\/\/christusnews.de\/site\/wp-json\/wp\/v2\/categories?post=25705"},{"taxonomy":"post_tag","embeddable":true,"href":"https:\/\/christusnews.de\/site\/wp-json\/wp\/v2\/tags?post=25705"}],"curies":[{"name":"wp","href":"https:\/\/api.w.org\/{rel}","templated":true}]}}