{"id":25707,"date":"2023-11-17T14:41:00","date_gmt":"2023-11-17T13:41:00","guid":{"rendered":"https:\/\/christusnews.de\/site\/vorleseaktion-mit-bischof-thomas-adomeit-in-oldenburger-kita\/"},"modified":"2023-11-18T10:18:05","modified_gmt":"2023-11-18T09:18:05","slug":"vorleseaktion-mit-bischof-thomas-adomeit-in-oldenburger-kita","status":"publish","type":"post","link":"https:\/\/christusnews.de\/site\/vorleseaktion-mit-bischof-thomas-adomeit-in-oldenburger-kita\/","title":{"rendered":"Vorleseaktion mit Bischof Thomas Adomeit in Oldenburger Kita"},"content":{"rendered":"<p>Bischof Thomas Adomeit hat sich am Freitag, 17. November, am 20. Bundesweiten Vorlesetag beteiligt und rund 20 Kindern in der evangelischen KiTA \u201eLukas\u201c in Oldenburg aus Bilderb\u00fcchern vorgelesen. Der Bundesweite Vorlesetag ist nach Angaben der Organisatoren Deutschlands gr\u00f6\u00dftes Vorlesefest und steht in diesem Jahr unter dem Motto: \u201eVorlesen verbindet\u201c.<\/p>\n<p>Mit erstaunlicher Konzentration und gro\u00dfer Begeisterung folgten die Kinder den bebilderten Geschichten, stellten Fragen an \u201eThomas\u201c und ahmten spielerisch verschiedene Szenen nach. Die Geschichte &#8220;Mutig, mutig&#8221; von Lorenz Pauli (Text) u. Kathrin Sch\u00e4rer (Ill.), in der eine Maus, eine Schnecke, ein Frosch und ein Spatz einen Wettkampf austragen, wer von ihnen am mutigsten sei, f\u00fchrte zu turbulenten Szenen, in den die Kinder die Tiere nachahmten. Die Wendung der Geschichte, als der freche Spatz entschied, bei dem Wettstreit nicht mitzumachen, entfachte eine Diskussion \u00fcber wahren Mut, an der sich die Kinder rege beteiligten.<\/p>\n<p>Rund eine Stunden las der Bischof der Ev.-Luth. Kirche in Oldenburg den Kindern der Kita \u201eLukas\u201c aus B\u00fcchern vor, die das Evangelische Literaturportal mit Sitz in G\u00f6ttingen, Dachverband evangelischer \u00f6ffentlicher B\u00fcchereien in Deutschland, empfohlen hatte. Das zweite Buch \u201eZwei f\u00fcr mich, einer f\u00fcr dich\u201c von J\u00f6rg M\u00fchle (Text u. Ill.) handelte von einem B\u00e4r und einem Wiesel und der Herausforderung, wie drei im Wald gefundene Pilze gerecht aufzuteilen seien. Auch hier berichteten die Kinder von eigenen Erfahrungen und ihrem Verst\u00e4ndnis von Gerechtigkeit und dem Gef\u00fchl, manchmal zu kurz zu kommen.<\/p>\n<p>F\u00fcr Bischof Adomeit war es wichtig, an bei der Vorleseaktion mitzumachen, \u201eweil ich selbst sehr gern lese und auch vorlese. Das ist f\u00fcr mich eine M\u00f6glichkeit, Phantasie anzuregen, eigene Ideen zu entwickeln. Jede, jeder hat andere Vorstellungen \u00fcber das Geh\u00f6rte. Es gibt viele Aufh\u00e4nger, um danach auch ins Gespr\u00e4ch zu kommen. Das ist ganz, ganz wichtig.\u201c Vorlesen sei eine wichtige Voraussetzung f\u00fcr Kinder, damit sie selbst zum Lesen motiviert werden und um selbst auch gut lesen zu k\u00f6nnen.<\/p>\n<p>F\u00fcr ihn als Familienvater, so Bischof Adomeit, sei Vorlesen auch ein Ritual, was ihn sehr gepr\u00e4gt habe. \u201eGemeinsames Vorlesen hat f\u00fcr meine Familie auch etwas ganz Verbindendes und schafft N\u00e4he.\u201c Lesen insgesamt habe f\u00fcr ihn eine ganz gro\u00dfe Bedeutung. Es entf\u00fchre in eine andere Welt oder mache schlau mit den vielen Informationen, die man erhalte. \u201eAnders als bei den fertigen Bildern, die man beim Fernsehen oder anderen Medien wie Smartphones oder Tablets bekommt, muss man beim Lesen seine eigene Phantasie mit einschalten und das finde ich f\u00fcr diese Welt so unglaublich wichtig, damit sie bunt und sch\u00f6n wird\u201c, so Bischof Adomeit.<\/p>\n<p>Auch Christa Schroer, Leiterin der evangelischen Kita \u201eLukas\u201c, die zur Ev.-luth. Kirchengemeinde Osternburg geh\u00f6rt, h\u00e4lt Vorlesen in Kitas und Familien f\u00fcr unendlich wichtig. So entstehe Gemeinschaft, alle Kinder k\u00f6nnten zuh\u00f6ren und so ihren Sprachschatz erweitern. \u201eDurch all die Worte, die die Kinder beim Vorlesen kennenlernen, k\u00f6nnen sie auf philosophische Gedanken kommen\u201c, so Schroer.&nbsp;<\/p>\n<p>Heidi Schlichting von der evangelischen \u00f6ffentlichen Lukas-B\u00fccherei in Oldenburg-Osternburg zeigte sich begeistert von der Vorleseaktion mit Bischof Adomeit. Die Lukas-B\u00fccherei arbeite mit f\u00fcnf Kitas zusammen und verf\u00fcge \u00fcber einen Bestand von mehr als 1.000 Bilderb\u00fcchern. Um Kinder an B\u00fccher heranzuf\u00fchren, damit sie sp\u00e4ter selbst lesen k\u00f6nnten, sei Vorlesen elementar und sehr wichtig. Traurig sei sie, so Schlichting, wenn manchmal ausgeliehene B\u00fccher zur\u00fcckgebracht w\u00fcrden und es sich zeige, dass die B\u00fcchertaschen \u00fcberhaupt nicht ausgepackt worden seien.&nbsp;<\/p>\n<p>\n<strong>Weitere Informationen zum Bundesweiten Vorlesetag finden Sie unter:<\/strong><br \/>\n<a href=\"https:\/\/www.eliport.de\/buch-kreativ\/vorlesetag-2023\">https:\/\/www.eliport.de\/buch-kreativ\/vorlesetag-2023<\/a>&nbsp;&nbsp;<br \/>\n<a href=\"https:\/\/www.vorlesetag.de\">https:\/\/www.vorlesetag.de<\/a>&nbsp;<br \/>\n&nbsp;<\/p>\n<p>Kirche-Oldenburg<br \/>\n<a href=\"https:\/\/www.kirche-oldenburg.de\/\/aktuell\/pressemitteilungen\/artikel\/vorleseaktion-mit-bischof-thomas-adomeit-in-oldenburger-kita\" target=\"_blank\" rel=\"noopener\">Vorleseaktion mit Bischof Thomas Adomeit in Oldenburger Kita<\/a><\/p>\n","protected":false},"excerpt":{"rendered":"<p>Bischof Thomas Adomeit hat sich am Freitag, 17. November, am 20. Bundesweiten Vorlesetag beteiligt und rund 20 Kindern in der evangelischen KiTA \u201eLukas\u201c in Oldenburg aus Bilderb\u00fcchern vorgelesen. Der Bundesweite Vorlesetag ist nach Angaben der Organisatoren Deutschlands gr\u00f6\u00dftes Vorlesefest und steht in diesem Jahr unter dem Motto: \u201eVorlesen verbindet\u201c. Mit erstaunlicher Konzentration und gro\u00dfer Begeisterung folgten die Kinder den bebilderten Geschichten, stellten Fragen an \u201eThomas\u201c und ahmten spielerisch verschiedene Szenen nach. Die Geschichte &#8220;Mutig, mutig&#8221; von Lorenz Pauli (Text) u. Kathrin Sch\u00e4rer (Ill.), in der eine Maus, eine Schnecke, ein Frosch und ein Spatz einen Wettkampf austragen, wer von ihnen&#8230;<\/p>\n","protected":false},"author":7,"featured_media":0,"comment_status":"false","ping_status":"open","sticky":false,"template":"","format":"standard","meta":{"footnotes":""},"categories":[43],"tags":[44],"class_list":["post-25707","post","type-post","status-publish","format-standard","hentry","category-kirche-oldenburg","tag-kirche-oldenburg"],"_links":{"self":[{"href":"https:\/\/christusnews.de\/site\/wp-json\/wp\/v2\/posts\/25707","targetHints":{"allow":["GET"]}}],"collection":[{"href":"https:\/\/christusnews.de\/site\/wp-json\/wp\/v2\/posts"}],"about":[{"href":"https:\/\/christusnews.de\/site\/wp-json\/wp\/v2\/types\/post"}],"author":[{"embeddable":true,"href":"https:\/\/christusnews.de\/site\/wp-json\/wp\/v2\/users\/7"}],"replies":[{"embeddable":true,"href":"https:\/\/christusnews.de\/site\/wp-json\/wp\/v2\/comments?post=25707"}],"version-history":[{"count":1,"href":"https:\/\/christusnews.de\/site\/wp-json\/wp\/v2\/posts\/25707\/revisions"}],"predecessor-version":[{"id":25708,"href":"https:\/\/christusnews.de\/site\/wp-json\/wp\/v2\/posts\/25707\/revisions\/25708"}],"wp:attachment":[{"href":"https:\/\/christusnews.de\/site\/wp-json\/wp\/v2\/media?parent=25707"}],"wp:term":[{"taxonomy":"category","embeddable":true,"href":"https:\/\/christusnews.de\/site\/wp-json\/wp\/v2\/categories?post=25707"},{"taxonomy":"post_tag","embeddable":true,"href":"https:\/\/christusnews.de\/site\/wp-json\/wp\/v2\/tags?post=25707"}],"curies":[{"name":"wp","href":"https:\/\/api.w.org\/{rel}","templated":true}]}}