{"id":25711,"date":"2023-11-19T18:35:08","date_gmt":"2023-11-19T17:35:08","guid":{"rendered":"https:\/\/christusnews.de\/site\/hommage-an-anselm-kiefer-ausstellung-in-der-christus-und-garnisonkirche-mit-gemaelden-von-bernd-noehre-19-30-november-2023-mit-ausfuehrlichem-programmprogramm-19-november-12-00-uhr\/"},"modified":"2023-11-19T22:17:46","modified_gmt":"2023-11-19T21:17:46","slug":"hommage-an-anselm-kiefer-ausstellung-in-der-christus-und-garnisonkirche-mit-gemaelden-von-bernd-noehre-19-30-november-2023-mit-ausfuehrlichem-programmprogramm-19-november-12-00-uhr","status":"publish","type":"post","link":"https:\/\/christusnews.de\/site\/hommage-an-anselm-kiefer-ausstellung-in-der-christus-und-garnisonkirche-mit-gemaelden-von-bernd-noehre-19-30-november-2023-mit-ausfuehrlichem-programmprogramm-19-november-12-00-uhr\/","title":{"rendered":"Hommage an Anselm Kiefer \nAusstellung in der Christus- und Garnisonkirche mit Gem\u00e4lden von Bernd N\u00f6hre \n19. \u2013 30. November 2023 mit ausf\u00fchrlichem Programm\n\nProgramm \n19. November, 12.00 Uhr Gottesdienst zum Volkstrauertag: Sag mir, wo die Blumen sind. (Bild der Reihe von B. N\u00f6hre) \n19. November, 13.15 Uhr Vernissage zur Ausstellung \n19. November, 18.00 Uhr TheaterKirche zu \u201eAnfang und Ende des Anthropoz\u00e4ns\u201c \n22. November, 18.30 Uhr F\u00fchrung und Gespr\u00e4ch durch die Ausstellung mit Bernd N\u00f6hre \n22. November, 20.00 Uhr UCI Kino, \u201eAnselm \u2013 Das Rauschen der Zeit\u201c, Exklusiv-Vorstellung zur Ausstellung. Film von Wim Wenders \u00fcber Anselm Kiefer \n26. November, 12.00 Uhr Gottesdienst zum Ewigkeitssonntag: Sag mir, wo die Gr\u00e4ber sind. (Bild der Reihe von B. N\u00f6hre) \n26. November, 18.00 Uhr Abendklang mit Holger Trempeck-Wilken und Justin Schr\u00f6der (Moderation Frank Morgenstern) \n30. November, 19.00 Uhr Konzert zur Ausstellung Duo Hellmann \/ Denker, \u201eMarlene Dietrich &amp; der Frieden\u201c"},"content":{"rendered":"<p>Hommage an Anselm Kiefer<br \/>\nAusstellung in der Christus- und Garnisonkirche mit Gem\u00e4lden von Bernd N\u00f6hre<br \/>\n19. \u2013 30. November 2023 mit ausf\u00fchrlichem Programm<\/p>\n<p>Programm<br \/>\n19. November, 12.00 Uhr Gottesdienst zum Volkstrauertag: Sag mir, wo die Blumen sind. (Bild der Reihe von B. N\u00f6hre)<br \/>\n19. November, 13.15 Uhr Vernissage zur Ausstellung<br \/>\n19. November, 18.00 Uhr TheaterKirche zu \u201eAnfang und Ende des Anthropoz\u00e4ns\u201c<br \/>\n22. November, 18.30 Uhr F\u00fchrung und Gespr\u00e4ch durch die Ausstellung mit Bernd N\u00f6hre<br \/>\n22. November, 20.00 Uhr UCI Kino, \u201eAnselm \u2013 Das Rauschen der Zeit\u201c, Exklusiv-Vorstellung zur Ausstellung. Film von Wim Wenders \u00fcber Anselm Kiefer<br \/>\n26. November, 12.00 Uhr Gottesdienst zum Ewigkeitssonntag: Sag mir, wo die Gr\u00e4ber sind. (Bild der Reihe von B. N\u00f6hre)<br \/>\n26. November, 18.00 Uhr Abendklang mit Holger Trempeck-Wilken und Justin Schr\u00f6der (Moderation Frank Morgenstern)<br \/>\n30. November, 19.00 Uhr Konzert zur Ausstellung Duo Hellmann \/ Denker, \u201eMarlene Dietrich &amp; der Frieden\u201c<br \/>\nHAVENKIRCHE@FB<br \/>\n<a href=\"https:\/\/www.facebook.com\/396185572708352\/posts\/653794736947433\" target=\"_blank\" rel=\"noopener\">Hommage an Anselm Kiefer<br \/>\nAusstellung in der Christus- und Garnisonkirche mit Gem\u00e4lden von Bernd N\u00f6hre<br \/>\n19. \u2013 30. November 2023 mit ausf\u00fchrlichem Programm<\/p>\n<p>Programm<br \/>\n19. November, 12.00 Uhr Gottesdienst zum Volkstrauertag: Sag mir, wo die Blumen sind. (Bild der Reihe von B. N\u00f6hre)<br \/>\n19. November, 13.15 Uhr Vernissage zur Ausstellung<br \/>\n19. November, 18.00 Uhr TheaterKirche zu \u201eAnfang und Ende des Anthropoz\u00e4ns\u201c<br \/>\n22. November, 18.30 Uhr F\u00fchrung und Gespr\u00e4ch durch die Ausstellung mit Bernd N\u00f6hre<br \/>\n22. November, 20.00 Uhr UCI Kino, \u201eAnselm \u2013 Das Rauschen der Zeit\u201c, Exklusiv-Vorstellung zur Ausstellung. Film von Wim Wenders \u00fcber Anselm Kiefer<br \/>\n26. November, 12.00 Uhr Gottesdienst zum Ewigkeitssonntag: Sag mir, wo die Gr\u00e4ber sind. (Bild der Reihe von B. N\u00f6hre)<br \/>\n26. November, 18.00 Uhr Abendklang mit Holger Trempeck-Wilken und Justin Schr\u00f6der (Moderation Frank Morgenstern)<br \/>\n30. November, 19.00 Uhr Konzert zur Ausstellung Duo Hellmann \/ Denker, \u201eMarlene Dietrich &amp; der Frieden\u201c<\/a><\/p>\n","protected":false},"excerpt":{"rendered":"<p>Hommage an Anselm Kiefer Ausstellung in der Christus- und Garnisonkirche mit Gem\u00e4lden von Bernd N\u00f6hre 19. \u2013 30. November 2023 mit ausf\u00fchrlichem Programm Programm 19. November, 12.00 Uhr Gottesdienst zum Volkstrauertag: Sag mir, wo die Blumen sind. (Bild der Reihe von B. N\u00f6hre) 19. November, 13.15 Uhr Vernissage zur Ausstellung 19. November, 18.00 Uhr TheaterKirche zu \u201eAnfang und Ende des Anthropoz\u00e4ns\u201c 22. November, 18.30 Uhr F\u00fchrung und Gespr\u00e4ch durch die Ausstellung mit Bernd N\u00f6hre 22. November, 20.00 Uhr UCI Kino, \u201eAnselm \u2013 Das Rauschen der Zeit\u201c, Exklusiv-Vorstellung zur Ausstellung. Film von Wim Wenders \u00fcber Anselm Kiefer 26. November, 12.00 Uhr&#8230;<\/p>\n","protected":false},"author":6,"featured_media":0,"comment_status":"false","ping_status":"open","sticky":false,"template":"","format":"standard","meta":{"footnotes":""},"categories":[75],"tags":[76],"class_list":["post-25711","post","type-post","status-publish","format-standard","hentry","category-havenkirche","tag-havenkirche"],"_links":{"self":[{"href":"https:\/\/christusnews.de\/site\/wp-json\/wp\/v2\/posts\/25711","targetHints":{"allow":["GET"]}}],"collection":[{"href":"https:\/\/christusnews.de\/site\/wp-json\/wp\/v2\/posts"}],"about":[{"href":"https:\/\/christusnews.de\/site\/wp-json\/wp\/v2\/types\/post"}],"author":[{"embeddable":true,"href":"https:\/\/christusnews.de\/site\/wp-json\/wp\/v2\/users\/6"}],"replies":[{"embeddable":true,"href":"https:\/\/christusnews.de\/site\/wp-json\/wp\/v2\/comments?post=25711"}],"version-history":[{"count":1,"href":"https:\/\/christusnews.de\/site\/wp-json\/wp\/v2\/posts\/25711\/revisions"}],"predecessor-version":[{"id":25712,"href":"https:\/\/christusnews.de\/site\/wp-json\/wp\/v2\/posts\/25711\/revisions\/25712"}],"wp:attachment":[{"href":"https:\/\/christusnews.de\/site\/wp-json\/wp\/v2\/media?parent=25711"}],"wp:term":[{"taxonomy":"category","embeddable":true,"href":"https:\/\/christusnews.de\/site\/wp-json\/wp\/v2\/categories?post=25711"},{"taxonomy":"post_tag","embeddable":true,"href":"https:\/\/christusnews.de\/site\/wp-json\/wp\/v2\/tags?post=25711"}],"curies":[{"name":"wp","href":"https:\/\/api.w.org\/{rel}","templated":true}]}}