{"id":25713,"date":"2023-11-16T01:21:00","date_gmt":"2023-11-16T00:21:00","guid":{"rendered":"https:\/\/christusnews.de\/site\/kirchenkreis-oldenburg-stadt-verurteilt-gewalt-gegen-juedinnen-und-juden\/"},"modified":"2023-11-20T10:17:24","modified_gmt":"2023-11-20T09:17:24","slug":"kirchenkreis-oldenburg-stadt-verurteilt-gewalt-gegen-juedinnen-und-juden","status":"publish","type":"post","link":"https:\/\/christusnews.de\/site\/kirchenkreis-oldenburg-stadt-verurteilt-gewalt-gegen-juedinnen-und-juden\/","title":{"rendered":"Kirchenkreis Oldenburg Stadt verurteilt Gewalt gegen J\u00fcdinnen und Juden"},"content":{"rendered":"<p>Die Kreissynode des Ev.-luth. Kirchenkreises Oldenburg Stadt hat den terroristischen Anschlag der Hamas auf die israelische Zivilbev\u00f6lkerung vom 7. Oktober scharf verurteilt. Er sei der unmittelbare Anlass f\u00fcr die nun stattfindenden Kampfhandlungen.<\/p>\n<p>\u201eWir stellen fest, dass in diesen Taten der Hamas eine Judenfeindlichkeit Ausdruck findet, die das Existenzrecht Israels bestreitet und die Ausl\u00f6schung j\u00fcdischen Lebens zum Ziel hat. Dies missbilligen wir auf das Entschiedenste\u201c, hei\u00dft es in einer Stellungnahme der Kreissynodalen, die am 14. und 15. November im Jochen-Klepper-Haus in Oldenburg-Osternburg tagten.<\/p>\n<p>\u201eWerden solche Taten auch nur im Ansatz religi\u00f6s begr\u00fcndet, so ist dies Missbrauch von Religion\u201c, so die Kreissynodalen.<\/p>\n<p>Die Stellungnahme f\u00fchrt weiter aus:<\/p>\n<p>\u201eIm Gebet und Gedanken sind wir bei allen Menschen, die Angst um ihr Leben haben, die verletzt worden sind und die um Angeh\u00f6rige trauern. Ebenso beten wir f\u00fcr eine friedliche L\u00f6sung des langanhaltenden Konfliktes, die Israel, seiner arabischst\u00e4mmigen Bev\u00f6lkerung und dem pal\u00e4stinensischen Volk eine friedliche Koexistenz erm\u00f6glicht.&nbsp;<\/p>\n<p>In Deutschland m\u00fcssen j\u00fcdische und muslimische Gottesh\u00e4user und Einrichtungen Orte friedlicher Religionsaus\u00fcbung sein. Wir fordern daher eine entschiedene Abwehr jeglicher extremistischer, v.a. judenfeindlicher Agitation, aber auch eine klare Haltung aller B\u00fcrgerinnen und B\u00fcrger gegen jede Form von Feindlichkeit gegen J\u00fcdinnen und Juden und Musliminnen und Muslime.&nbsp;<\/p>\n<p>In Oldenburg bekennt sich der Kirchenkreis Oldenburg-Stadt auch weiterhin zur Zusammenarbeit mit den anderen Religionen und Gruppierungen, wie wir es seit vielen Jahren \u00fcben. Wir wollen respektvoll und auf dem Boden des Grundgesetzes darauf hinwirken, dass die Gewalt in unserer Stadt keinen Platz bekommt.\u201c<\/p>\n<p>Die Kreissynodalen verabschiedeten auf ihrer Tagung weiterhin den Haushaltsplan f\u00fcr das Jahr 2024 und w\u00e4hlten den Oldenburger Pfarrer Christoph Fasse zum Stellvertreter im Kreispfarramt.<br \/>\n&nbsp;<\/p>\n<p>Kirche-Oldenburg<br \/>\n<a href=\"https:\/\/www.kirche-oldenburg.de\/\/aktuell\/aus-den-kirchenkreisen\/artikel\/kirchenkreis-oldenburg-stadt-verurteilt-gewalt-gegen-juedinnen-und-juden\" target=\"_blank\" rel=\"noopener\">Kirchenkreis Oldenburg Stadt verurteilt Gewalt gegen J\u00fcdinnen und Juden<\/a><\/p>\n","protected":false},"excerpt":{"rendered":"<p>Die Kreissynode des Ev.-luth. Kirchenkreises Oldenburg Stadt hat den terroristischen Anschlag der Hamas auf die israelische Zivilbev\u00f6lkerung vom 7. Oktober scharf verurteilt. Er sei der unmittelbare Anlass f\u00fcr die nun stattfindenden Kampfhandlungen. \u201eWir stellen fest, dass in diesen Taten der Hamas eine Judenfeindlichkeit Ausdruck findet, die das Existenzrecht Israels bestreitet und die Ausl\u00f6schung j\u00fcdischen Lebens zum Ziel hat. Dies missbilligen wir auf das Entschiedenste\u201c, hei\u00dft es in einer Stellungnahme der Kreissynodalen, die am 14. und 15. November im Jochen-Klepper-Haus in Oldenburg-Osternburg tagten. \u201eWerden solche Taten auch nur im Ansatz religi\u00f6s begr\u00fcndet, so ist dies Missbrauch von Religion\u201c, so die Kreissynodalen&#8230;.<\/p>\n","protected":false},"author":7,"featured_media":0,"comment_status":"false","ping_status":"open","sticky":false,"template":"","format":"standard","meta":{"footnotes":""},"categories":[43],"tags":[44],"class_list":["post-25713","post","type-post","status-publish","format-standard","hentry","category-kirche-oldenburg","tag-kirche-oldenburg"],"_links":{"self":[{"href":"https:\/\/christusnews.de\/site\/wp-json\/wp\/v2\/posts\/25713","targetHints":{"allow":["GET"]}}],"collection":[{"href":"https:\/\/christusnews.de\/site\/wp-json\/wp\/v2\/posts"}],"about":[{"href":"https:\/\/christusnews.de\/site\/wp-json\/wp\/v2\/types\/post"}],"author":[{"embeddable":true,"href":"https:\/\/christusnews.de\/site\/wp-json\/wp\/v2\/users\/7"}],"replies":[{"embeddable":true,"href":"https:\/\/christusnews.de\/site\/wp-json\/wp\/v2\/comments?post=25713"}],"version-history":[{"count":1,"href":"https:\/\/christusnews.de\/site\/wp-json\/wp\/v2\/posts\/25713\/revisions"}],"predecessor-version":[{"id":25714,"href":"https:\/\/christusnews.de\/site\/wp-json\/wp\/v2\/posts\/25713\/revisions\/25714"}],"wp:attachment":[{"href":"https:\/\/christusnews.de\/site\/wp-json\/wp\/v2\/media?parent=25713"}],"wp:term":[{"taxonomy":"category","embeddable":true,"href":"https:\/\/christusnews.de\/site\/wp-json\/wp\/v2\/categories?post=25713"},{"taxonomy":"post_tag","embeddable":true,"href":"https:\/\/christusnews.de\/site\/wp-json\/wp\/v2\/tags?post=25713"}],"curies":[{"name":"wp","href":"https:\/\/api.w.org\/{rel}","templated":true}]}}