{"id":25717,"date":"2023-11-20T08:07:14","date_gmt":"2023-11-20T07:07:14","guid":{"rendered":"https:\/\/christusnews.de\/site\/mitten-im-herbst-sommer-in-sichtdie-planung-fuer-den-wildflecken-sommer-2024-hat-begonnen-wir-freuen-uns-auf-tolle-camps-mit-kindern-konfis-jugendlichen-das-kindercamp-fuer-alle-zwischen-9-und\/"},"modified":"2023-11-20T10:17:26","modified_gmt":"2023-11-20T09:17:26","slug":"mitten-im-herbst-sommer-in-sichtdie-planung-fuer-den-wildflecken-sommer-2024-hat-begonnen-wir-freuen-uns-auf-tolle-camps-mit-kindern-konfis-jugendlichen-das-kindercamp-fuer-alle-zwischen-9-und","status":"publish","type":"post","link":"https:\/\/christusnews.de\/site\/mitten-im-herbst-sommer-in-sichtdie-planung-fuer-den-wildflecken-sommer-2024-hat-begonnen-wir-freuen-uns-auf-tolle-camps-mit-kindern-konfis-jugendlichen-das-kindercamp-fuer-alle-zwischen-9-und\/","title":{"rendered":"Mitten im Herbst: Sommer in Sicht!\nDie Planung f\u00fcr den Wildflecken-Sommer 2024 hat begonnen. Wir freuen uns auf tolle Camps mit Kindern, Konfis, Jugendlichen.\nDas Kindercamp f\u00fcr alle zwischen 9 und 12 Jahren findet vom 29.6.-7.7.2024 statt. Ihr k\u00f6nnt euch ab sofort hier anmelden: https:\/\/wildflecken-camps.de\/kindercamp\/\nWer 12 \/ 13 ist und noch in den Konfi-Jahrgang einsteigen will, der im n\u00e4chsten Sommer ins Konfi-Camp f\u00e4hrt, meldet sich ganz schnell bei uns &#8230; und alle \u00c4lteren m\u00fcssen noch ein bisschen warten!"},"content":{"rendered":"<p>Mitten im Herbst: Sommer in Sicht!<br \/>\nDie Planung f\u00fcr den Wildflecken-Sommer 2024 hat begonnen. Wir freuen uns auf tolle Camps mit Kindern, Konfis, Jugendlichen.<br \/>\nDas Kindercamp f\u00fcr alle zwischen 9 und 12 Jahren findet vom 29.6.-7.7.2024 statt. Ihr k\u00f6nnt euch ab sofort hier anmelden: https:\/\/wildflecken-camps.de\/kindercamp\/<br \/>\nWer 12 \/ 13 ist und noch in den Konfi-Jahrgang einsteigen will, der im n\u00e4chsten Sommer ins Konfi-Camp f\u00e4hrt, meldet sich ganz schnell bei uns &#8230; und alle \u00c4lteren m\u00fcssen noch ein bisschen warten!<br \/>\nHAVENKIRCHE@FB<br \/>\n<a href=\"https:\/\/www.facebook.com\/396185572708352\/posts\/654068816920025\" target=\"_blank\" rel=\"noopener\">Mitten im Herbst: Sommer in Sicht!<br \/>\nDie Planung f\u00fcr den Wildflecken-Sommer 2024 hat begonnen. Wir freuen uns auf tolle Camps mit Kindern, Konfis, Jugendlichen.<br \/>\nDas Kindercamp f\u00fcr alle zwischen 9 und 12 Jahren findet vom 29.6.-7.7.2024 statt. Ihr k\u00f6nnt euch ab sofort hier anmelden: https:\/\/wildflecken-camps.de\/kindercamp\/<br \/>\nWer 12 \/ 13 ist und noch in den Konfi-Jahrgang einsteigen will, der im n\u00e4chsten Sommer ins Konfi-Camp f\u00e4hrt, meldet sich ganz schnell bei uns &#8230; und alle \u00c4lteren m\u00fcssen noch ein bisschen warten!<\/a><\/p>\n","protected":false},"excerpt":{"rendered":"<p>Mitten im Herbst: Sommer in Sicht! Die Planung f\u00fcr den Wildflecken-Sommer 2024 hat begonnen. Wir freuen uns auf tolle Camps mit Kindern, Konfis, Jugendlichen. Das Kindercamp f\u00fcr alle zwischen 9 und 12 Jahren findet vom 29.6.-7.7.2024 statt. Ihr k\u00f6nnt euch ab sofort hier anmelden: https:\/\/wildflecken-camps.de\/kindercamp\/ Wer 12 \/ 13 ist und noch in den Konfi-Jahrgang einsteigen will, der im n\u00e4chsten Sommer ins Konfi-Camp f\u00e4hrt, meldet sich ganz schnell bei uns &#8230; und alle \u00c4lteren m\u00fcssen noch ein bisschen warten! HAVENKIRCHE@FB Mitten im Herbst: Sommer in Sicht! Die Planung f\u00fcr den Wildflecken-Sommer 2024 hat begonnen. Wir freuen uns auf tolle Camps&#8230;<\/p>\n","protected":false},"author":6,"featured_media":0,"comment_status":"false","ping_status":"open","sticky":false,"template":"","format":"standard","meta":{"footnotes":""},"categories":[75],"tags":[76],"class_list":["post-25717","post","type-post","status-publish","format-standard","hentry","category-havenkirche","tag-havenkirche"],"_links":{"self":[{"href":"https:\/\/christusnews.de\/site\/wp-json\/wp\/v2\/posts\/25717","targetHints":{"allow":["GET"]}}],"collection":[{"href":"https:\/\/christusnews.de\/site\/wp-json\/wp\/v2\/posts"}],"about":[{"href":"https:\/\/christusnews.de\/site\/wp-json\/wp\/v2\/types\/post"}],"author":[{"embeddable":true,"href":"https:\/\/christusnews.de\/site\/wp-json\/wp\/v2\/users\/6"}],"replies":[{"embeddable":true,"href":"https:\/\/christusnews.de\/site\/wp-json\/wp\/v2\/comments?post=25717"}],"version-history":[{"count":1,"href":"https:\/\/christusnews.de\/site\/wp-json\/wp\/v2\/posts\/25717\/revisions"}],"predecessor-version":[{"id":25718,"href":"https:\/\/christusnews.de\/site\/wp-json\/wp\/v2\/posts\/25717\/revisions\/25718"}],"wp:attachment":[{"href":"https:\/\/christusnews.de\/site\/wp-json\/wp\/v2\/media?parent=25717"}],"wp:term":[{"taxonomy":"category","embeddable":true,"href":"https:\/\/christusnews.de\/site\/wp-json\/wp\/v2\/categories?post=25717"},{"taxonomy":"post_tag","embeddable":true,"href":"https:\/\/christusnews.de\/site\/wp-json\/wp\/v2\/tags?post=25717"}],"curies":[{"name":"wp","href":"https:\/\/api.w.org\/{rel}","templated":true}]}}