{"id":25721,"date":"2023-11-20T10:57:14","date_gmt":"2023-11-20T09:57:14","guid":{"rendered":"https:\/\/christusnews.de\/site\/?p=25721"},"modified":"2023-11-20T10:57:15","modified_gmt":"2023-11-20T09:57:15","slug":"abendklang-mit-holger-trempeck-wilken-und-justin-schroeder","status":"publish","type":"post","link":"https:\/\/christusnews.de\/site\/abendklang-mit-holger-trempeck-wilken-und-justin-schroeder\/","title":{"rendered":"Abendklang mit Holger Trempeck Wilken und Justin Schr\u00f6der"},"content":{"rendered":"\n<p><strong>Abendklang mit Holger Trempeck Wilken und Justin Schr\u00f6der<\/strong><\/p>\n\n\n\n<p>Der n\u00e4chste Abendklang in der Christus- und Garnisonkirche findet am 26. November (Ewigkeitssonntag) um 18 Uhr statt. Unter dem Titel \u201eGeborgen in T\u00f6nen &#8211; Ein Konzert f\u00fcr die Seele\u201c lassen Holger Trempeck\u2013Wilken und Justin Schr\u00f6der den Fl\u00fcgel und die F\u00fchrer-Orgel erklingen. Wie immer ist der Eintritt in den Abendklang frei. Am Ausgang wird um eine Kollekte f\u00fcr die Musiker gebeten.<\/p>\n","protected":false},"excerpt":{"rendered":"<p>Abendklang mit Holger Trempeck Wilken und Justin Schr\u00f6der Der n\u00e4chste Abendklang in der Christus- und Garnisonkirche findet am 26. November (Ewigkeitssonntag) um 18 Uhr statt. Unter dem Titel \u201eGeborgen in T\u00f6nen &#8211; Ein Konzert f\u00fcr die Seele\u201c lassen Holger Trempeck\u2013Wilken und Justin Schr\u00f6der den Fl\u00fcgel und die F\u00fchrer-Orgel erklingen. Wie immer ist der Eintritt in den Abendklang frei. Am Ausgang wird um eine Kollekte f\u00fcr die Musiker gebeten.<\/p>\n","protected":false},"author":2,"featured_media":25568,"comment_status":"closed","ping_status":"open","sticky":false,"template":"","format":"standard","meta":{"footnotes":""},"categories":[1],"tags":[],"class_list":["post-25721","post","type-post","status-publish","format-standard","has-post-thumbnail","hentry","category-gemeinde"],"_links":{"self":[{"href":"https:\/\/christusnews.de\/site\/wp-json\/wp\/v2\/posts\/25721","targetHints":{"allow":["GET"]}}],"collection":[{"href":"https:\/\/christusnews.de\/site\/wp-json\/wp\/v2\/posts"}],"about":[{"href":"https:\/\/christusnews.de\/site\/wp-json\/wp\/v2\/types\/post"}],"author":[{"embeddable":true,"href":"https:\/\/christusnews.de\/site\/wp-json\/wp\/v2\/users\/2"}],"replies":[{"embeddable":true,"href":"https:\/\/christusnews.de\/site\/wp-json\/wp\/v2\/comments?post=25721"}],"version-history":[{"count":1,"href":"https:\/\/christusnews.de\/site\/wp-json\/wp\/v2\/posts\/25721\/revisions"}],"predecessor-version":[{"id":25722,"href":"https:\/\/christusnews.de\/site\/wp-json\/wp\/v2\/posts\/25721\/revisions\/25722"}],"wp:featuredmedia":[{"embeddable":true,"href":"https:\/\/christusnews.de\/site\/wp-json\/wp\/v2\/media\/25568"}],"wp:attachment":[{"href":"https:\/\/christusnews.de\/site\/wp-json\/wp\/v2\/media?parent=25721"}],"wp:term":[{"taxonomy":"category","embeddable":true,"href":"https:\/\/christusnews.de\/site\/wp-json\/wp\/v2\/categories?post=25721"},{"taxonomy":"post_tag","embeddable":true,"href":"https:\/\/christusnews.de\/site\/wp-json\/wp\/v2\/tags?post=25721"}],"curies":[{"name":"wp","href":"https:\/\/api.w.org\/{rel}","templated":true}]}}