{"id":25723,"date":"2023-11-20T19:38:04","date_gmt":"2023-11-20T18:38:04","guid":{"rendered":"https:\/\/christusnews.de\/site\/bischof-thomas-adomeit-zum-ruecktritt-von-annette-kurschus-als-ekd-ratsvorsitzende\/"},"modified":"2023-11-20T22:18:34","modified_gmt":"2023-11-20T21:18:34","slug":"bischof-thomas-adomeit-zum-ruecktritt-von-annette-kurschus-als-ekd-ratsvorsitzende","status":"publish","type":"post","link":"https:\/\/christusnews.de\/site\/bischof-thomas-adomeit-zum-ruecktritt-von-annette-kurschus-als-ekd-ratsvorsitzende\/","title":{"rendered":"Bischof Thomas Adomeit zum R\u00fccktritt von Annette Kurschus als EKD-Ratsvorsitzende"},"content":{"rendered":"<p>Mit gro\u00dfem Respekt und Bedauern hat Bischof Thomas Adomeit auf den R\u00fccktritt von Annette Kurschus vom Amt der Ratsvorsitzenden der Evangelischen Kirche in Deutschland (EKD) reagiert. Der Bischof der Ev.-Luth. Kirche in Oldenburg sagt zum R\u00fccktritt:<\/p>\n<p>\u201eIch habe sehr gro\u00dfen Respekt vor dieser schweren Entscheidung von Annette Kurschus, vom Amt als Ratsvorsitzende der Evangelischen Kirche in Deutschland sowie als Pr\u00e4ses der Evangelischen Kirche von Westfalen zur\u00fcckzutreten. Dieser Schritt macht deutlich, wie wichtig Annette Kurschus die konsequente Aufarbeitung von F\u00e4llen sexualisierter Gewalt in der evangelischen Kirche ist. Dieser Aufarbeitung hat sie sich verpflichtet und m\u00f6chte nun jeglichen Zweifel daran ausr\u00e4umen.<\/p>\n<p>Zugleich bedauere ich, dass wir eine integre Ratsvorsitzende verlieren, die den Rat und die EKD insgesamt in den vergangenen Jahren gut zusammengehalten hat. F\u00fcr ihre Klarheit im Hinsehen und ihre Gabe, das Beobachtete in deutliche Worte zu fassen \u2013 sowohl in ihren profilierten Predigten als auch ihren Positionierungen \u2013 bin ich ihr sehr dankbar. Dies hat uns allen gutgetan.\u201c&nbsp;<\/p>\n<p>Mit einer pers\u00f6nlichen Erkl\u00e4rung hatte Kurschus am Montag, 20. November, in Bielefeld ihren R\u00fccktritt als Ratsvorsitzende erkl\u00e4rt und zugleich ihr Amt als Pr\u00e4ses der Evangelischen Kirche von Westfalen niedergelegt. Sie reagierte damit auf Vorw\u00fcrfe gegen sie wegen des Umgangs mit einem mutma\u00dflichen Fall sexualisierter Gewalt in ihrem ehemaligen Kirchenkreis Siegen-Wittgenstein, wo sie zuerst Gemeindepfarrerin, sp\u00e4ter Superintendentin war.<\/p>\n<p>Der Beschuldigte soll \u00fcber Jahre hinweg junge M\u00e4nner sexuell bedr\u00e4ngt haben. Nie habe sie in einem Dienstverh\u00e4ltnis zu dem Mann gestanden, den sie nach eigener Aussage sehr gut kennt, erkl\u00e4rte Kurschus.<\/p>\n<p>Kirche-Oldenburg<br \/>\n<a href=\"https:\/\/www.kirche-oldenburg.de\/\/aktuell\/pressemitteilungen\/artikel\/bischof-thomas-adomeit-zum-ruecktritt-von-annette-kurschus-als-ekd-ratsvorsitzende\" target=\"_blank\" rel=\"noopener\">Bischof Thomas Adomeit zum R\u00fccktritt von Annette Kurschus als EKD-Ratsvorsitzende<\/a><\/p>\n","protected":false},"excerpt":{"rendered":"<p>Mit gro\u00dfem Respekt und Bedauern hat Bischof Thomas Adomeit auf den R\u00fccktritt von Annette Kurschus vom Amt der Ratsvorsitzenden der Evangelischen Kirche in Deutschland (EKD) reagiert. Der Bischof der Ev.-Luth. Kirche in Oldenburg sagt zum R\u00fccktritt: \u201eIch habe sehr gro\u00dfen Respekt vor dieser schweren Entscheidung von Annette Kurschus, vom Amt als Ratsvorsitzende der Evangelischen Kirche in Deutschland sowie als Pr\u00e4ses der Evangelischen Kirche von Westfalen zur\u00fcckzutreten. Dieser Schritt macht deutlich, wie wichtig Annette Kurschus die konsequente Aufarbeitung von F\u00e4llen sexualisierter Gewalt in der evangelischen Kirche ist. Dieser Aufarbeitung hat sie sich verpflichtet und m\u00f6chte nun jeglichen Zweifel daran ausr\u00e4umen. Zugleich&#8230;<\/p>\n","protected":false},"author":7,"featured_media":0,"comment_status":"false","ping_status":"open","sticky":false,"template":"","format":"standard","meta":{"footnotes":""},"categories":[43],"tags":[44],"class_list":["post-25723","post","type-post","status-publish","format-standard","hentry","category-kirche-oldenburg","tag-kirche-oldenburg"],"_links":{"self":[{"href":"https:\/\/christusnews.de\/site\/wp-json\/wp\/v2\/posts\/25723","targetHints":{"allow":["GET"]}}],"collection":[{"href":"https:\/\/christusnews.de\/site\/wp-json\/wp\/v2\/posts"}],"about":[{"href":"https:\/\/christusnews.de\/site\/wp-json\/wp\/v2\/types\/post"}],"author":[{"embeddable":true,"href":"https:\/\/christusnews.de\/site\/wp-json\/wp\/v2\/users\/7"}],"replies":[{"embeddable":true,"href":"https:\/\/christusnews.de\/site\/wp-json\/wp\/v2\/comments?post=25723"}],"version-history":[{"count":1,"href":"https:\/\/christusnews.de\/site\/wp-json\/wp\/v2\/posts\/25723\/revisions"}],"predecessor-version":[{"id":25724,"href":"https:\/\/christusnews.de\/site\/wp-json\/wp\/v2\/posts\/25723\/revisions\/25724"}],"wp:attachment":[{"href":"https:\/\/christusnews.de\/site\/wp-json\/wp\/v2\/media?parent=25723"}],"wp:term":[{"taxonomy":"category","embeddable":true,"href":"https:\/\/christusnews.de\/site\/wp-json\/wp\/v2\/categories?post=25723"},{"taxonomy":"post_tag","embeddable":true,"href":"https:\/\/christusnews.de\/site\/wp-json\/wp\/v2\/tags?post=25723"}],"curies":[{"name":"wp","href":"https:\/\/api.w.org\/{rel}","templated":true}]}}