{"id":25725,"date":"2023-11-19T14:42:00","date_gmt":"2023-11-19T13:42:00","guid":{"rendered":"https:\/\/christusnews.de\/site\/landtagspraesidentin-zum-volkstrauertag-welt-ist-dunkler-geworden\/"},"modified":"2023-11-20T22:18:34","modified_gmt":"2023-11-20T21:18:34","slug":"landtagspraesidentin-zum-volkstrauertag-welt-ist-dunkler-geworden","status":"publish","type":"post","link":"https:\/\/christusnews.de\/site\/landtagspraesidentin-zum-volkstrauertag-welt-ist-dunkler-geworden\/","title":{"rendered":"Landtagspr\u00e4sidentin zum Volkstrauertag: Welt ist dunkler geworden"},"content":{"rendered":"<p class=\"MsoPlainText\">Hannover (epd). Mit einem Gedenkkonzert und Kranzniederlegungen haben die nieders\u00e4chsische Landesregierung und der Landtag am Volkstrauertag am Sonntag in Hannover an die Opfer von Krieg und Gewalt erinnert. \u00abWir wollen miteinander der zu vielen Toten gedenken, die ihr Leben verloren &#8211; und auch in diesen Minuten darum f\u00fcrchten m\u00fcssen. In der Ukraine, in Israel, in Gaza, im Sudan &#8211; an viel zu vielen Orten\u00bb, sagte Landtagspr\u00e4sidentin Hanna Naber (SPD) anl\u00e4sslich der Kranzniederlegungen am J\u00fcdischen Mahnmal an der Staatsoper sowie in der Ruine der Aegidienkirche.<\/p>\n<p class=\"MsoPlainText\">&nbsp;<\/p>\n<p class=\"MsoPlainText\">\u00abDieser Tag, der seit Jahrzehnten der Trauer gewidmet ist, f\u00fchlt sich heute f\u00fcr mich noch schwerer und schmerzhafter an als in den vergangenen Jahren\u00bb, sagte Naber, laut Redemanuskript. Doch gelte es, einander Mut zuzusprechen, in einer Welt, die seit dem russischen Angriff auf die Ukraine und dem \u00dcberfall der Hamas auf unschuldige Menschen, noch dunkler geworden sei. Am Volkstrauertag gehe es auch darum, sich der eigenen Geschichte und der daraus erwachsenden Verantwortung f\u00fcr Frieden, Freiheit und Demokratie bewusst zu werden.<\/p>\n<p class=\"MsoPlainText\">&nbsp;<\/p>\n<p class=\"MsoPlainText\">Bei dem anschlie\u00dfenden \u00f6ffentlichen Gedenkkonzert in der Marktkirche sprach der fr\u00fchere nieders\u00e4chsische Kultusminister und heute SPD-Fraktionsvorsitzende Grant Hendrik Tonne. Tonne ist auch Landesvorsitzender des Volksbundes Deutsche Kriegsgr\u00e4berf\u00fcrsorge, der wie die Stadt Hannover zu den Mitveranstaltern geh\u00f6rte.<\/p>\n<p class=\"MsoPlainText\">&nbsp;<\/p>\n<p class=\"MsoPlainText\">Am Volkstrauertag gedenkt Deutschland der Toten von Krieg und Gewaltherrschaft. Er wird jedes Jahr an einem Sonntag zwei Wochen vor dem ersten Advent gefeiert. Zahlreiche Veranstaltungen sollen an diesem Tag zur Vers\u00f6hnung und V\u00f6lkerverst\u00e4ndigung beitragen und rufen zu Toleranz und Frieden auf. Vor \u00f6ffentlichen Geb\u00e4uden wehen die Flaggen auf Halbmast.<\/p>\n<p>Kirche-Oldenburg<br \/>\n<a href=\"https:\/\/www.kirche-oldenburg.de\/\/aktuell\/news-niedersachsen\/artikel\/landtagspraesidentin-zum-volkstrauertag-welt-ist-dunkler-geworden\" target=\"_blank\" rel=\"noopener\">Landtagspr\u00e4sidentin zum Volkstrauertag: Welt ist dunkler geworden<\/a><\/p>\n","protected":false},"excerpt":{"rendered":"<p>Hannover (epd). Mit einem Gedenkkonzert und Kranzniederlegungen haben die nieders\u00e4chsische Landesregierung und der Landtag am Volkstrauertag am Sonntag in Hannover an die Opfer von Krieg und Gewalt erinnert. \u00abWir wollen miteinander der zu vielen Toten gedenken, die ihr Leben verloren &#8211; und auch in diesen Minuten darum f\u00fcrchten m\u00fcssen. In der Ukraine, in Israel, in Gaza, im Sudan &#8211; an viel zu vielen Orten\u00bb, sagte Landtagspr\u00e4sidentin Hanna Naber (SPD) anl\u00e4sslich der Kranzniederlegungen am J\u00fcdischen Mahnmal an der Staatsoper sowie in der Ruine der Aegidienkirche. &nbsp; \u00abDieser Tag, der seit Jahrzehnten der Trauer gewidmet ist, f\u00fchlt sich heute f\u00fcr mich noch&#8230;<\/p>\n","protected":false},"author":7,"featured_media":0,"comment_status":"false","ping_status":"open","sticky":false,"template":"","format":"standard","meta":{"footnotes":""},"categories":[43],"tags":[44],"class_list":["post-25725","post","type-post","status-publish","format-standard","hentry","category-kirche-oldenburg","tag-kirche-oldenburg"],"_links":{"self":[{"href":"https:\/\/christusnews.de\/site\/wp-json\/wp\/v2\/posts\/25725","targetHints":{"allow":["GET"]}}],"collection":[{"href":"https:\/\/christusnews.de\/site\/wp-json\/wp\/v2\/posts"}],"about":[{"href":"https:\/\/christusnews.de\/site\/wp-json\/wp\/v2\/types\/post"}],"author":[{"embeddable":true,"href":"https:\/\/christusnews.de\/site\/wp-json\/wp\/v2\/users\/7"}],"replies":[{"embeddable":true,"href":"https:\/\/christusnews.de\/site\/wp-json\/wp\/v2\/comments?post=25725"}],"version-history":[{"count":1,"href":"https:\/\/christusnews.de\/site\/wp-json\/wp\/v2\/posts\/25725\/revisions"}],"predecessor-version":[{"id":25726,"href":"https:\/\/christusnews.de\/site\/wp-json\/wp\/v2\/posts\/25725\/revisions\/25726"}],"wp:attachment":[{"href":"https:\/\/christusnews.de\/site\/wp-json\/wp\/v2\/media?parent=25725"}],"wp:term":[{"taxonomy":"category","embeddable":true,"href":"https:\/\/christusnews.de\/site\/wp-json\/wp\/v2\/categories?post=25725"},{"taxonomy":"post_tag","embeddable":true,"href":"https:\/\/christusnews.de\/site\/wp-json\/wp\/v2\/tags?post=25725"}],"curies":[{"name":"wp","href":"https:\/\/api.w.org\/{rel}","templated":true}]}}