{"id":25727,"date":"2023-11-19T14:40:00","date_gmt":"2023-11-19T13:40:00","guid":{"rendered":"https:\/\/christusnews.de\/site\/buchautor-beckmann-krieg-praegt-familien-ueber-generationen\/"},"modified":"2023-11-20T22:18:35","modified_gmt":"2023-11-20T21:18:35","slug":"buchautor-beckmann-krieg-praegt-familien-ueber-generationen","status":"publish","type":"post","link":"https:\/\/christusnews.de\/site\/buchautor-beckmann-krieg-praegt-familien-ueber-generationen\/","title":{"rendered":"Buchautor Beckmann: Krieg pr\u00e4gt Familien \u00fcber Generationen"},"content":{"rendered":"<p class=\"MsoPlainText\">Bremen\/Hamburg (epd). Kriegserfahrungen haben aus Sicht des Journalisten und Buchautors Reinhold Beckmann (67) eine pr\u00e4gende Wirkung \u00fcber mehrere Generationen. Auch 78 Jahre nach dem Zweiten Weltkrieg gebe es in vielen Familien in Deutschland noch \u00ablose Enden, offene Fragen und nicht befriedete Konflikte\u00bb, sagte Beckmann einem Interview mit dem Bremer \u00abWeser-Kurier\u00bb (Sonnabend): \u00abDas zeigt, was Krieg mit uns allen macht.\u00bb<\/p>\n<p class=\"MsoPlainText\">&nbsp;<\/p>\n<p class=\"MsoPlainText\">Beckmann hat in seinem Buch \u00abAenne und ihre Br\u00fcder\u00bb die Geschichte seiner Mutter und ihrer vier Br\u00fcder w\u00e4hrend der Zeit des Nationalsozialismus und des Zweiten Weltkriegs rekonstruiert. Als Quelle dienten ihm unter anderem Briefe der Br\u00fcder aus dem Krieg sowie alte Fotos und Erz\u00e4hlungen der Mutter. Die Familie stammt aus einem Dorf in Niedersachsen. Alle vier Br\u00fcder kamen im Krieg ums Leben.<\/p>\n<p class=\"MsoPlainText\">&nbsp;<\/p>\n<p class=\"MsoPlainText\">Nach Lesungen k\u00e4men Leute zu ihm und berichteten, \u00abdass sie jetzt ebenfalls auf den Dachboden gestiegen sind und nach alten Briefen, Fotos und Dokumenten ihrer Gro\u00dfeltern oder Eltern gesucht haben\u00bb, sagte der in Hamburg lebende fr\u00fchere Sportmoderator und Talkshow-Gastgeber. \u00abWenn man das auf den Krieg in der Ukraine \u00fcbertr\u00e4gt, ahnt man, dass es Generationen dauern wird, um den Hass zu \u00fcberwinden, der dort t\u00e4glich entsteht.\u00bb<\/p>\n<p class=\"MsoPlainText\">&nbsp;<\/p>\n<p class=\"MsoPlainText\">Der russische Pr\u00e4sident Wladimir Putin trete in diesem Krieg das V\u00f6lkerrecht mit F\u00fc\u00dfen, sagte Beckmann. Mit Blick auf Waffenlieferungen an die Ukraine f\u00fcgte er hinzu: \u00abWie viele andere Hippiekinder und \u00fcberzeugte Pazifisten, die im Bonner Hofgarten demonstriert und den Wehrdienst verweigert haben, muss auch ich leider zur Kenntnis nehmen, dass man Kriege nicht allein mit Friedenskundgebungen beenden kann.\u00bb<\/p>\n<p>Kirche-Oldenburg<br \/>\n<a href=\"https:\/\/www.kirche-oldenburg.de\/\/aktuell\/news-niedersachsen\/artikel\/buchautor-beckmann-krieg-praegt-familien-ueber-generationen\" target=\"_blank\" rel=\"noopener\">Buchautor Beckmann: Krieg pr\u00e4gt Familien \u00fcber Generationen<\/a><\/p>\n","protected":false},"excerpt":{"rendered":"<p>Bremen\/Hamburg (epd). Kriegserfahrungen haben aus Sicht des Journalisten und Buchautors Reinhold Beckmann (67) eine pr\u00e4gende Wirkung \u00fcber mehrere Generationen. Auch 78 Jahre nach dem Zweiten Weltkrieg gebe es in vielen Familien in Deutschland noch \u00ablose Enden, offene Fragen und nicht befriedete Konflikte\u00bb, sagte Beckmann einem Interview mit dem Bremer \u00abWeser-Kurier\u00bb (Sonnabend): \u00abDas zeigt, was Krieg mit uns allen macht.\u00bb &nbsp; Beckmann hat in seinem Buch \u00abAenne und ihre Br\u00fcder\u00bb die Geschichte seiner Mutter und ihrer vier Br\u00fcder w\u00e4hrend der Zeit des Nationalsozialismus und des Zweiten Weltkriegs rekonstruiert. Als Quelle dienten ihm unter anderem Briefe der Br\u00fcder aus dem Krieg sowie&#8230;<\/p>\n","protected":false},"author":7,"featured_media":0,"comment_status":"false","ping_status":"open","sticky":false,"template":"","format":"standard","meta":{"footnotes":""},"categories":[43],"tags":[44],"class_list":["post-25727","post","type-post","status-publish","format-standard","hentry","category-kirche-oldenburg","tag-kirche-oldenburg"],"_links":{"self":[{"href":"https:\/\/christusnews.de\/site\/wp-json\/wp\/v2\/posts\/25727","targetHints":{"allow":["GET"]}}],"collection":[{"href":"https:\/\/christusnews.de\/site\/wp-json\/wp\/v2\/posts"}],"about":[{"href":"https:\/\/christusnews.de\/site\/wp-json\/wp\/v2\/types\/post"}],"author":[{"embeddable":true,"href":"https:\/\/christusnews.de\/site\/wp-json\/wp\/v2\/users\/7"}],"replies":[{"embeddable":true,"href":"https:\/\/christusnews.de\/site\/wp-json\/wp\/v2\/comments?post=25727"}],"version-history":[{"count":1,"href":"https:\/\/christusnews.de\/site\/wp-json\/wp\/v2\/posts\/25727\/revisions"}],"predecessor-version":[{"id":25728,"href":"https:\/\/christusnews.de\/site\/wp-json\/wp\/v2\/posts\/25727\/revisions\/25728"}],"wp:attachment":[{"href":"https:\/\/christusnews.de\/site\/wp-json\/wp\/v2\/media?parent=25727"}],"wp:term":[{"taxonomy":"category","embeddable":true,"href":"https:\/\/christusnews.de\/site\/wp-json\/wp\/v2\/categories?post=25727"},{"taxonomy":"post_tag","embeddable":true,"href":"https:\/\/christusnews.de\/site\/wp-json\/wp\/v2\/tags?post=25727"}],"curies":[{"name":"wp","href":"https:\/\/api.w.org\/{rel}","templated":true}]}}