{"id":25731,"date":"2023-11-18T14:37:00","date_gmt":"2023-11-18T13:37:00","guid":{"rendered":"https:\/\/christusnews.de\/site\/das-stichwort-buss-und-bettag\/"},"modified":"2023-11-20T22:18:36","modified_gmt":"2023-11-20T21:18:36","slug":"das-stichwort-buss-und-bettag","status":"publish","type":"post","link":"https:\/\/christusnews.de\/site\/das-stichwort-buss-und-bettag\/","title":{"rendered":"Das Stichwort: Bu\u00df- und Bettag"},"content":{"rendered":"<p class=\"MsoPlainText\">Hannover\/Bremen (epd). Der Bu\u00df- und Bettag ist ein evangelischer Feiertag. Er geh\u00f6rt zu den sogenannten beweglichen Feiertagen und wird jedes Jahr am ersten Mittwoch nach dem Volkstrauertag begangen, in diesem Jahr am 22. November. 1995 wurde der Bu\u00df- und Bettag als gesetzlicher Feiertag zur Finanzierung der Pflegeversicherung in allen Bundesl\u00e4ndern au\u00dfer in Sachsen abgeschafft. Die evangelische Kirche bezeichnet die Abschaffung bis heute als Fehlentscheidung. In Bayern haben Kinder an diesem Tag schulfrei, so dass viele Eltern einen Urlaubstag nehmen m\u00fcssen.<\/p>\n<p class=\"MsoPlainText\">&nbsp;<\/p>\n<p class=\"MsoPlainText\">Doch auch wenn der Bu\u00dftag kein staatlicher Feiertag mehr ist, hat er seinen festen Platz im Kirchenjahr nicht verloren. Er ist ein Tag der Umkehr, der Neuorientierung und dient auch dem Nachdenken \u00fcber gesellschaftliche Fehlentwicklungen. Viele Gemeinden laden meist f\u00fcr den fr\u00fchen Abend zu Andachten ein, um Berufst\u00e4tigen die Teilnahme zu erm\u00f6glichen. In Bayern, Baden-W\u00fcrttemberg, Sachsen, Sachsen-Anhalt sowie im Saarland gilt ein Tanzverbot.<\/p>\n<p class=\"MsoPlainText\">&nbsp;<\/p>\n<p class=\"MsoPlainText\">In Niedersachsen und Bremen muss evangelischen Sch\u00fclern und Arbeitnehmern die M\u00f6glichkeit gegeben werden, an einem Gottesdienst teilzunehmen. In Bremen haben evangelische Sch\u00fclerinnen und Sch\u00fcler nach dem Feiertagsgesetz sogar ganz unterrichtsfrei.<\/p>\n<p class=\"MsoPlainText\">&nbsp;<\/p>\n<p class=\"MsoPlainText\">Urspr\u00fcnglich wurden Bu\u00dftage aus aktuellen Anl\u00e4ssen ausgeschrieben, wie etwa w\u00e4hrend des Drei\u00dfigj\u00e4hrigen Krieges. Sie hatten \u00f6ffentlichen Charakter: Die gesamte Bev\u00f6lkerung wurde angesichts von Notst\u00e4nden und Gefahren zu Bu\u00dfe und Gebet aufgerufen. Im 19. Jahrhundert verst\u00e4ndigten sich die evangelischen Landeskirchen auf die Einf\u00fchrung eines allgemeinen Bu\u00df- und Bettages am Mittwoch vor dem letzten Sonntag des Kirchenjahres, dem Ewigkeits- oder Totensonntag.<\/p>\n<p>Kirche-Oldenburg<br \/>\n<a href=\"https:\/\/www.kirche-oldenburg.de\/\/aktuell\/news-niedersachsen\/artikel\/das-stichwort-buss-und-bettag\" target=\"_blank\" rel=\"noopener\">Das Stichwort: Bu\u00df- und Bettag<\/a><\/p>\n","protected":false},"excerpt":{"rendered":"<p>Hannover\/Bremen (epd). Der Bu\u00df- und Bettag ist ein evangelischer Feiertag. Er geh\u00f6rt zu den sogenannten beweglichen Feiertagen und wird jedes Jahr am ersten Mittwoch nach dem Volkstrauertag begangen, in diesem Jahr am 22. November. 1995 wurde der Bu\u00df- und Bettag als gesetzlicher Feiertag zur Finanzierung der Pflegeversicherung in allen Bundesl\u00e4ndern au\u00dfer in Sachsen abgeschafft. Die evangelische Kirche bezeichnet die Abschaffung bis heute als Fehlentscheidung. In Bayern haben Kinder an diesem Tag schulfrei, so dass viele Eltern einen Urlaubstag nehmen m\u00fcssen. &nbsp; Doch auch wenn der Bu\u00dftag kein staatlicher Feiertag mehr ist, hat er seinen festen Platz im Kirchenjahr nicht verloren&#8230;.<\/p>\n","protected":false},"author":7,"featured_media":0,"comment_status":"false","ping_status":"open","sticky":false,"template":"","format":"standard","meta":{"footnotes":""},"categories":[43],"tags":[44],"class_list":["post-25731","post","type-post","status-publish","format-standard","hentry","category-kirche-oldenburg","tag-kirche-oldenburg"],"_links":{"self":[{"href":"https:\/\/christusnews.de\/site\/wp-json\/wp\/v2\/posts\/25731","targetHints":{"allow":["GET"]}}],"collection":[{"href":"https:\/\/christusnews.de\/site\/wp-json\/wp\/v2\/posts"}],"about":[{"href":"https:\/\/christusnews.de\/site\/wp-json\/wp\/v2\/types\/post"}],"author":[{"embeddable":true,"href":"https:\/\/christusnews.de\/site\/wp-json\/wp\/v2\/users\/7"}],"replies":[{"embeddable":true,"href":"https:\/\/christusnews.de\/site\/wp-json\/wp\/v2\/comments?post=25731"}],"version-history":[{"count":1,"href":"https:\/\/christusnews.de\/site\/wp-json\/wp\/v2\/posts\/25731\/revisions"}],"predecessor-version":[{"id":25732,"href":"https:\/\/christusnews.de\/site\/wp-json\/wp\/v2\/posts\/25731\/revisions\/25732"}],"wp:attachment":[{"href":"https:\/\/christusnews.de\/site\/wp-json\/wp\/v2\/media?parent=25731"}],"wp:term":[{"taxonomy":"category","embeddable":true,"href":"https:\/\/christusnews.de\/site\/wp-json\/wp\/v2\/categories?post=25731"},{"taxonomy":"post_tag","embeddable":true,"href":"https:\/\/christusnews.de\/site\/wp-json\/wp\/v2\/tags?post=25731"}],"curies":[{"name":"wp","href":"https:\/\/api.w.org\/{rel}","templated":true}]}}