{"id":25742,"date":"2023-11-20T17:47:37","date_gmt":"2023-11-20T16:47:37","guid":{"rendered":"https:\/\/christusnews.de\/site\/?p=25742"},"modified":"2023-11-21T17:48:41","modified_gmt":"2023-11-21T16:48:41","slug":"veteranentag","status":"publish","type":"post","link":"https:\/\/christusnews.de\/site\/veteranentag\/","title":{"rendered":"Veteranentag"},"content":{"rendered":"\n<p>Sascha hat bei der Verteidigung Mariupols beide Beine verloren. Dank zweier Hightechprothesen kann der schwer Kriegsverletzte wieder eigenst\u00e4ndig gehen. Davor unertr\u00e4gliche Schmerzen, die Amputation, monatelange Reha, Angst und Sorgen um den Papa und Ehemann. Kevin sieht man seine Verwundung nicht an. Seit seinem Einsatz in Mali leidet er an PTBS. Die posttraumatische Belastungsst\u00f6rung raubt ihm den Schlaf, er meidet Menschenansammlungen, das Schlimmste sind die Panikattacken. Zwei von unz\u00e4hligen Kriegsveteranen, die unter Einsatz ihres Lebens ihrem Land als Soldaten dienten. Wer denkt eigentlich an sie? In der Politik mehrten sich zuletzt die Stimmen, die sich f\u00fcr die Einf\u00fchrung eines Veteranentages f\u00fcr Bundeswehrangeh\u00f6rige aussprachen.&nbsp;<\/p>\n\n\n\n<p>Gestern begingen wir den Volkstrauertag zum Gedenken an die Opfer von Krieg und Gewalt, besonders in beiden Weltkriegen. Aber was hei\u00dft \u201ewir\u201c? Viele Menschen nehmen von den Gottesdiensten und Gedenkveranstaltungen an den Mahnmalen \u00fcberall in unseren Orten \u00fcberhaupt keine Notiz. Oftmals versammeln sich ein paar Offizielle, dazu eine Abordnung der Feuerwehr oder eine Gruppe anderer Uniformierter zur Kranzniederlegung. Appelle wie \u201eKrieg soll nach Gottes Willen nicht sein\u201c oder \u201eSucht Frieden\u201c verhallen im Novemberwind.<\/p>\n\n\n\n<p>Brauchen wir mehr Gedenktage oder mehr Bereitschaft zu gedenken? Andere Formen, die Beteiligung von jungen Leuten\u2026 Der Volkstrauertag will gerade kein Heldengedenktag sein. Deshalb bietet er sich f\u00fcr eine W\u00fcrdigung der Veteranen aus unserer Mitte an.&nbsp;<\/p>\n\n\n\n<p><\/p>\n\n\n\n<blockquote class=\"wp-block-quote is-layout-flow wp-block-quote-is-layout-flow\">\n<p id=\"block-e1fb04d9-c3be-42c8-a2c8-f0fda48bf077\"><strong>Christian Scheuer<\/strong><\/p>\n\n\n\n<p id=\"block-4856caf7-8571-49e2-9264-db73626b066a\">H<em>\u00f6ren Sie diesen Beitrag bei Radio Jade:<\/em><br><a href=\"http:\/\/www.radio-jade.de\/mediathek\/angedacht\/\" target=\"_blank\" rel=\"noreferrer noopener\"><em>Alle Beitr\u00e4ge im \u00dcberblick | RADIO JADE<\/em><\/a><\/p>\n<\/blockquote>\n","protected":false},"excerpt":{"rendered":"<p>Sascha hat bei der Verteidigung Mariupols beide Beine verloren. Dank zweier Hightechprothesen kann der schwer Kriegsverletzte wieder eigenst\u00e4ndig gehen. Davor unertr\u00e4gliche Schmerzen, die Amputation, monatelange Reha, Angst und Sorgen um den Papa und Ehemann. Kevin sieht man seine Verwundung nicht an. Seit seinem Einsatz in Mali leidet er an PTBS. Die posttraumatische Belastungsst\u00f6rung raubt ihm den Schlaf, er meidet Menschenansammlungen, das Schlimmste sind die Panikattacken. Zwei von unz\u00e4hligen Kriegsveteranen, die unter Einsatz ihres Lebens ihrem Land als Soldaten dienten. Wer denkt eigentlich an sie? In der Politik mehrten sich zuletzt die Stimmen, die sich f\u00fcr die Einf\u00fchrung eines Veteranentages f\u00fcr&#8230;<\/p>\n","protected":false},"author":6,"featured_media":1171,"comment_status":"closed","ping_status":"open","sticky":false,"template":"","format":"standard","meta":{"footnotes":""},"categories":[5],"tags":[],"class_list":["post-25742","post","type-post","status-publish","format-standard","has-post-thumbnail","hentry","category-angedacht"],"_links":{"self":[{"href":"https:\/\/christusnews.de\/site\/wp-json\/wp\/v2\/posts\/25742","targetHints":{"allow":["GET"]}}],"collection":[{"href":"https:\/\/christusnews.de\/site\/wp-json\/wp\/v2\/posts"}],"about":[{"href":"https:\/\/christusnews.de\/site\/wp-json\/wp\/v2\/types\/post"}],"author":[{"embeddable":true,"href":"https:\/\/christusnews.de\/site\/wp-json\/wp\/v2\/users\/6"}],"replies":[{"embeddable":true,"href":"https:\/\/christusnews.de\/site\/wp-json\/wp\/v2\/comments?post=25742"}],"version-history":[{"count":1,"href":"https:\/\/christusnews.de\/site\/wp-json\/wp\/v2\/posts\/25742\/revisions"}],"predecessor-version":[{"id":25743,"href":"https:\/\/christusnews.de\/site\/wp-json\/wp\/v2\/posts\/25742\/revisions\/25743"}],"wp:featuredmedia":[{"embeddable":true,"href":"https:\/\/christusnews.de\/site\/wp-json\/wp\/v2\/media\/1171"}],"wp:attachment":[{"href":"https:\/\/christusnews.de\/site\/wp-json\/wp\/v2\/media?parent=25742"}],"wp:term":[{"taxonomy":"category","embeddable":true,"href":"https:\/\/christusnews.de\/site\/wp-json\/wp\/v2\/categories?post=25742"},{"taxonomy":"post_tag","embeddable":true,"href":"https:\/\/christusnews.de\/site\/wp-json\/wp\/v2\/tags?post=25742"}],"curies":[{"name":"wp","href":"https:\/\/api.w.org\/{rel}","templated":true}]}}