{"id":25748,"date":"2023-11-23T09:00:00","date_gmt":"2023-11-23T08:00:00","guid":{"rendered":"https:\/\/christusnews.de\/site\/?p=25748"},"modified":"2023-11-21T17:51:29","modified_gmt":"2023-11-21T16:51:29","slug":"trost-der-ganzen-welt","status":"publish","type":"post","link":"https:\/\/christusnews.de\/site\/trost-der-ganzen-welt\/","title":{"rendered":"Trost der ganzen Welt"},"content":{"rendered":"\n<p>Wenn ich mir die Weltlage betrachte, k\u00f6nnte ich losheulen. So grau wie der Novemberhimmel lasten die Kriege und Krisen auf unseren Gem\u00fctern. Was die einen schwerm\u00fctig macht, reizt die anderen. Die Z\u00fcndschnur war noch nie so kurz, sagt der Mann an der Supermarktkasse. \u201eDie kleinste Kleinigkeit und die Leute rasten f\u00f6rmlich aus.\u201c Die Kehrseite von Trauer und Ohnmacht ist Wut und Aggression.&nbsp;<\/p>\n\n\n\n<p>\u201eIch glaube, die Leute brauchen Trost\u201c, sagt unvermittelt eine Kollegin. Wie w\u00e4r\u2019s mit Weltfrieden, entgegne ich, vertr\u00f6sten lassen will ich mich nicht mehr. Da f\u00fchle ich bereits die Tr\u00e4nen in mir aufsteigen. Da ist sie, meine Trostbed\u00fcrftigkeit. Doch wo f\u00fchrt das hin, wenn ich mir eingestehe, dass ich an meine Grenzen sto\u00dfe, dieses ganze Elend nicht mehr bew\u00e4ltigt bekomme? Was kann mir Trost und Halt geben?&nbsp;Ich erinnere mich an das Trostpflaster meiner Kindheit. Ich werde meine \u00e4lteste Freundin anrufen und fragen, ob sie mein Trost-Buddy werden m\u00f6chte, also auf Du und Du mit dem Trost. Ich entr\u00fcmpele den Flohmarktkoffer und mache ihn zu meinem Trostkoffer, da liegt meine Lieblingsmusik drin, ein Foto von der Insel, dicke Socken, ein s\u00fc\u00dfer Trost, jetzt Zimtsterne. Und ein Liedvers, den ich wie ein Gebet mit mir tragen werde, erst klagend, dann bittend im Advent, zu Weihnachten hoffentlich dankend: \u201eWo bleibst du Trost der ganzen Welt, darauf sie all ihr Hoffnung stellt? O Heiland rei\u00df die Himmel auf\u2026\u201c&nbsp;&nbsp;<\/p>\n\n\n\n<p><\/p>\n\n\n\n<blockquote class=\"wp-block-quote is-layout-flow wp-block-quote-is-layout-flow\">\n<p id=\"block-e1fb04d9-c3be-42c8-a2c8-f0fda48bf077\"><strong>Christian Scheuer<\/strong><\/p>\n\n\n\n<p id=\"block-4856caf7-8571-49e2-9264-db73626b066a\">H<em>\u00f6ren Sie diesen Beitrag bei Radio Jade:<\/em><br><a href=\"http:\/\/www.radio-jade.de\/mediathek\/angedacht\/\" target=\"_blank\" rel=\"noreferrer noopener\"><em>Alle Beitr\u00e4ge im \u00dcberblick | RADIO JADE<\/em><\/a><\/p>\n<\/blockquote>\n","protected":false},"excerpt":{"rendered":"<p>Wenn ich mir die Weltlage betrachte, k\u00f6nnte ich losheulen. So grau wie der Novemberhimmel lasten die Kriege und Krisen auf unseren Gem\u00fctern. Was die einen schwerm\u00fctig macht, reizt die anderen. Die Z\u00fcndschnur war noch nie so kurz, sagt der Mann an der Supermarktkasse. \u201eDie kleinste Kleinigkeit und die Leute rasten f\u00f6rmlich aus.\u201c Die Kehrseite von Trauer und Ohnmacht ist Wut und Aggression.&nbsp; \u201eIch glaube, die Leute brauchen Trost\u201c, sagt unvermittelt eine Kollegin. Wie w\u00e4r\u2019s mit Weltfrieden, entgegne ich, vertr\u00f6sten lassen will ich mich nicht mehr. Da f\u00fchle ich bereits die Tr\u00e4nen in mir aufsteigen. Da ist sie, meine Trostbed\u00fcrftigkeit. Doch&#8230;<\/p>\n","protected":false},"author":6,"featured_media":1171,"comment_status":"closed","ping_status":"open","sticky":false,"template":"","format":"standard","meta":{"footnotes":""},"categories":[5],"tags":[],"class_list":["post-25748","post","type-post","status-publish","format-standard","has-post-thumbnail","hentry","category-angedacht"],"_links":{"self":[{"href":"https:\/\/christusnews.de\/site\/wp-json\/wp\/v2\/posts\/25748","targetHints":{"allow":["GET"]}}],"collection":[{"href":"https:\/\/christusnews.de\/site\/wp-json\/wp\/v2\/posts"}],"about":[{"href":"https:\/\/christusnews.de\/site\/wp-json\/wp\/v2\/types\/post"}],"author":[{"embeddable":true,"href":"https:\/\/christusnews.de\/site\/wp-json\/wp\/v2\/users\/6"}],"replies":[{"embeddable":true,"href":"https:\/\/christusnews.de\/site\/wp-json\/wp\/v2\/comments?post=25748"}],"version-history":[{"count":1,"href":"https:\/\/christusnews.de\/site\/wp-json\/wp\/v2\/posts\/25748\/revisions"}],"predecessor-version":[{"id":25749,"href":"https:\/\/christusnews.de\/site\/wp-json\/wp\/v2\/posts\/25748\/revisions\/25749"}],"wp:featuredmedia":[{"embeddable":true,"href":"https:\/\/christusnews.de\/site\/wp-json\/wp\/v2\/media\/1171"}],"wp:attachment":[{"href":"https:\/\/christusnews.de\/site\/wp-json\/wp\/v2\/media?parent=25748"}],"wp:term":[{"taxonomy":"category","embeddable":true,"href":"https:\/\/christusnews.de\/site\/wp-json\/wp\/v2\/categories?post=25748"},{"taxonomy":"post_tag","embeddable":true,"href":"https:\/\/christusnews.de\/site\/wp-json\/wp\/v2\/tags?post=25748"}],"curies":[{"name":"wp","href":"https:\/\/api.w.org\/{rel}","templated":true}]}}